
{"id":28098,"date":"2017-07-05T15:26:52","date_gmt":"2017-07-05T13:26:52","guid":{"rendered":"http:\/\/radiomoradebre.cat\/wp\/?p=28098"},"modified":"2017-07-05T15:26:52","modified_gmt":"2017-07-05T13:26:52","slug":"tivissa-aplicara-una-nova-taxa-a-linies-electriques-i-gasoductes","status":"publish","type":"post","link":"https:\/\/www.radiomoradebre.cat\/wp\/2017\/07\/05\/tivissa-aplicara-una-nova-taxa-a-linies-electriques-i-gasoductes\/","title":{"rendered":"Tivissa aplicar\u00e0 una nova taxa a l\u00ednies el\u00e8ctriques i gasoductes"},"content":{"rendered":"<p><em><strong>L\u2019Ajuntament de Tivissa preveu ingressar 130.000 euros anuals al pressupost municipal, amb una nova taxa que gravar\u00e0 els gasoductes i les l\u00ednies el\u00e8ctriques que transcorren en terrenys municipals. Tot i que Red El\u00e9ctrica va rec\u00f3rrer aquesta taxa al Tribunal Superior de Just\u00edcia de Catalunya, per\u00f2 l\u2019alt tribunal l\u2019ha acabat desestimant.<\/strong><\/em><\/p>\n<p><em><strong>En el proper mes, l\u2019empresa el\u00e8ctrica pot presentar un recurs d\u2019al\u00e7ada al Tribunal Suprem. Tot i aix\u00f2, l\u2019alcalde de Tivissa, Jordi Jard\u00ed, assegura que existeix jurisprud\u00e8ncia perqu\u00e8 la taxa es pugui aplicar sense cap problema.<\/strong><\/em><\/p>\n<p>ANDREU PRUNERA<\/p>\n<p><a href=\"http:\/\/radiomoradebre.cat\/wp\/wp-content\/uploads\/2017\/07\/CRO-04-07-17-taxa.mp3\">CRO 04-07-17 taxa<\/a><\/p>\n<p><a href=\"http:\/\/radiomoradebre.cat\/wp\/wp-content\/uploads\/2017\/07\/04-07-17-Foto-rp-presentacio-sentencia-TSJC.jpg\"><img loading=\"lazy\" decoding=\"async\" class=\"aligncenter size-medium wp-image-28100\" src=\"http:\/\/radiomoradebre.cat\/wp\/wp-content\/uploads\/2017\/07\/04-07-17-Foto-rp-presentacio-sentencia-TSJC-300x225.jpg\" alt=\"\" width=\"300\" height=\"225\" srcset=\"https:\/\/www.radiomoradebre.cat\/wp\/wp-content\/uploads\/2017\/07\/04-07-17-Foto-rp-presentacio-sentencia-TSJC-300x225.jpg 300w, https:\/\/www.radiomoradebre.cat\/wp\/wp-content\/uploads\/2017\/07\/04-07-17-Foto-rp-presentacio-sentencia-TSJC-768x576.jpg 768w, https:\/\/www.radiomoradebre.cat\/wp\/wp-content\/uploads\/2017\/07\/04-07-17-Foto-rp-presentacio-sentencia-TSJC-1024x768.jpg 1024w\" sizes=\"auto, (max-width: 300px) 100vw, 300px\" \/><\/a><\/p>\n","protected":false},"excerpt":{"rendered":"<p>L\u2019Ajuntament de Tivissa preveu ingressar 130.000 euros anuals al pressupost municipal, amb una nova taxa que gravar\u00e0 els gasoductes i les l\u00ednies el\u00e8ctriques que transcorren en terrenys municipals. Tot i que Red El\u00e9ctrica va rec\u00f3rrer aquesta taxa al Tribunal Superior &hellip; <a href=\"https:\/\/www.radiomoradebre.cat\/wp\/2017\/07\/05\/tivissa-aplicara-una-nova-taxa-a-linies-electriques-i-gasoductes\/\">Continue reading <span class=\"meta-nav\">&rarr;<\/span><\/a><\/p>\n","protected":false},"author":3,"featured_media":0,"comment_status":"closed","ping_status":"open","sticky":false,"template":"","format":"standard","meta":{"footnotes":""},"categories":[2],"tags":[3773,12359,2008,12360,118,12358,6975,329],"class_list":["post-28098","post","type-post","status-publish","format-standard","hentry","category-noticies","tag-ajuntament-de-tivissa","tag-enagas","tag-gas","tag-gasoducte","tag-jordi-jardi","tag-linies-electriques","tag-red-electrica","tag-tivissa"],"_links":{"self":[{"href":"https:\/\/www.radiomoradebre.cat\/wp\/wp-json\/wp\/v2\/posts\/28098","targetHints":{"allow":["GET"]}}],"collection":[{"href":"https:\/\/www.radiomoradebre.cat\/wp\/wp-json\/wp\/v2\/posts"}],"about":[{"href":"https:\/\/www.radiomoradebre.cat\/wp\/wp-json\/wp\/v2\/types\/post"}],"author":[{"embeddable":true,"href":"https:\/\/www.radiomoradebre.cat\/wp\/wp-json\/wp\/v2\/users\/3"}],"replies":[{"embeddable":true,"href":"https:\/\/www.radiomoradebre.cat\/wp\/wp-json\/wp\/v2\/comments?post=28098"}],"version-history":[{"count":1,"href":"https:\/\/www.radiomoradebre.cat\/wp\/wp-json\/wp\/v2\/posts\/28098\/revisions"}],"predecessor-version":[{"id":28101,"href":"https:\/\/www.radiomoradebre.cat\/wp\/wp-json\/wp\/v2\/posts\/28098\/revisions\/28101"}],"wp:attachment":[{"href":"https:\/\/www.radiomoradebre.cat\/wp\/wp-json\/wp\/v2\/media?parent=28098"}],"wp:term":[{"taxonomy":"category","embeddable":true,"href":"https:\/\/www.radiomoradebre.cat\/wp\/wp-json\/wp\/v2\/categories?post=28098"},{"taxonomy":"post_tag","embeddable":true,"href":"https:\/\/www.radiomoradebre.cat\/wp\/wp-json\/wp\/v2\/tags?post=28098"}],"curies":[{"name":"wp","href":"https:\/\/api.w.org\/{rel}","templated":true}]}}