
{"id":28041,"date":"2017-07-03T17:58:24","date_gmt":"2017-07-03T15:58:24","guid":{"rendered":"http:\/\/radiomoradebre.cat\/wp\/?p=28041"},"modified":"2017-07-03T17:58:24","modified_gmt":"2017-07-03T15:58:24","slug":"el-club-nautic-flix-arrassa-a-la-segona-regata-de-la-lliga-catalana-de-llagut","status":"publish","type":"post","link":"https:\/\/www.radiomoradebre.cat\/wp\/2017\/07\/03\/el-club-nautic-flix-arrassa-a-la-segona-regata-de-la-lliga-catalana-de-llagut\/","title":{"rendered":"El Club N\u00e0utic Flix arrassa a la segona regata de la Lliga Catalana de Llagut"},"content":{"rendered":"<p><em><strong>La zona del pas de barca de Flix ha estat l\u2019escenari aquest cap de setmana de la segona regata de la lliga catalana de llagut. El Flix ha signat quatre primers llocs de sis tripulacions, mentre que el M\u00f3ra d\u2019Ebre ha aconseguit un segon lloc, i dos tercers en quatre proves.<\/strong><\/em><\/p>\n<p><em><strong>El Flix remava a casa i aquest diumenge va arrassar. Quatre de les sis tripulacions van aconseguir el primer lloc. Va ser en les categories d\u2019infantil, juvenil mascul\u00ed, juvenil femen\u00ed i s\u00e8nior mascul\u00ed. Es van quedar fora del podi el s\u00e8nior femen\u00ed i els veterans mascul\u00ed.<\/strong><\/em><\/p>\n<p><em><strong>Pel M\u00f3ra d\u2019Ebre, el segon llocsva ser per l\u2019equip juvenil mascul\u00ed i els tercers llocs van ser pel juvenil femen\u00ed i per l\u2019equip infantil. En aquesta regata tamb\u00e9 va debutar el s\u00e8nior mascul\u00ed, amb una tretzena posici\u00f3.<\/strong><\/em><\/p>\n<p>ANDREU PRUNERA<\/p>\n<p><a href=\"http:\/\/radiomoradebre.cat\/wp\/wp-content\/uploads\/2017\/07\/CRO-03-07-17-regata-flix.mp3\">CRO 03-07-17 regata flix<\/a><\/p>\n<p><a href=\"http:\/\/radiomoradebre.cat\/wp\/wp-content\/uploads\/2017\/07\/19511481_10211958842477900_1634886260899456506_n.jpg\"><img loading=\"lazy\" decoding=\"async\" class=\"aligncenter size-medium wp-image-28043\" src=\"http:\/\/radiomoradebre.cat\/wp\/wp-content\/uploads\/2017\/07\/19511481_10211958842477900_1634886260899456506_n-300x198.jpg\" alt=\"\" width=\"300\" height=\"198\" srcset=\"https:\/\/www.radiomoradebre.cat\/wp\/wp-content\/uploads\/2017\/07\/19511481_10211958842477900_1634886260899456506_n-300x198.jpg 300w, https:\/\/www.radiomoradebre.cat\/wp\/wp-content\/uploads\/2017\/07\/19511481_10211958842477900_1634886260899456506_n-768x508.jpg 768w, https:\/\/www.radiomoradebre.cat\/wp\/wp-content\/uploads\/2017\/07\/19511481_10211958842477900_1634886260899456506_n.jpg 960w\" sizes=\"auto, (max-width: 300px) 100vw, 300px\" \/><\/a><\/p>\n","protected":false},"excerpt":{"rendered":"<p>La zona del pas de barca de Flix ha estat l\u2019escenari aquest cap de setmana de la segona regata de la lliga catalana de llagut. El Flix ha signat quatre primers llocs de sis tripulacions, mentre que el M\u00f3ra d\u2019Ebre &hellip; <a href=\"https:\/\/www.radiomoradebre.cat\/wp\/2017\/07\/03\/el-club-nautic-flix-arrassa-a-la-segona-regata-de-la-lliga-catalana-de-llagut\/\">Continue reading <span class=\"meta-nav\">&rarr;<\/span><\/a><\/p>\n","protected":false},"author":3,"featured_media":0,"comment_status":"closed","ping_status":"open","sticky":false,"template":"","format":"standard","meta":{"footnotes":""},"categories":[2],"tags":[5144,5145,1060,7680,7743,1299,1658,4866,66],"class_list":["post-28041","post","type-post","status-publish","format-standard","hentry","category-noticies","tag-club-nautic-de-flix","tag-club-nautic-de-mora-debre","tag-esports","tag-llagut-catala","tag-lliga-catalana-de-llagut","tag-regata","tag-regata-llagut-catala","tag-rem","tag-riu-ebre"],"_links":{"self":[{"href":"https:\/\/www.radiomoradebre.cat\/wp\/wp-json\/wp\/v2\/posts\/28041","targetHints":{"allow":["GET"]}}],"collection":[{"href":"https:\/\/www.radiomoradebre.cat\/wp\/wp-json\/wp\/v2\/posts"}],"about":[{"href":"https:\/\/www.radiomoradebre.cat\/wp\/wp-json\/wp\/v2\/types\/post"}],"author":[{"embeddable":true,"href":"https:\/\/www.radiomoradebre.cat\/wp\/wp-json\/wp\/v2\/users\/3"}],"replies":[{"embeddable":true,"href":"https:\/\/www.radiomoradebre.cat\/wp\/wp-json\/wp\/v2\/comments?post=28041"}],"version-history":[{"count":1,"href":"https:\/\/www.radiomoradebre.cat\/wp\/wp-json\/wp\/v2\/posts\/28041\/revisions"}],"predecessor-version":[{"id":28044,"href":"https:\/\/www.radiomoradebre.cat\/wp\/wp-json\/wp\/v2\/posts\/28041\/revisions\/28044"}],"wp:attachment":[{"href":"https:\/\/www.radiomoradebre.cat\/wp\/wp-json\/wp\/v2\/media?parent=28041"}],"wp:term":[{"taxonomy":"category","embeddable":true,"href":"https:\/\/www.radiomoradebre.cat\/wp\/wp-json\/wp\/v2\/categories?post=28041"},{"taxonomy":"post_tag","embeddable":true,"href":"https:\/\/www.radiomoradebre.cat\/wp\/wp-json\/wp\/v2\/tags?post=28041"}],"curies":[{"name":"wp","href":"https:\/\/api.w.org\/{rel}","templated":true}]}}