
{"id":27948,"date":"2017-06-26T13:18:06","date_gmt":"2017-06-26T11:18:06","guid":{"rendered":"http:\/\/radiomoradebre.cat\/wp\/?p=27948"},"modified":"2017-06-26T13:18:06","modified_gmt":"2017-06-26T11:18:06","slug":"la-gestio-de-lhospital-de-mora-debre-sera-100-del-catsalut-amb-participacio-del-territori","status":"publish","type":"post","link":"https:\/\/www.radiomoradebre.cat\/wp\/2017\/06\/26\/la-gestio-de-lhospital-de-mora-debre-sera-100-del-catsalut-amb-participacio-del-territori\/","title":{"rendered":"La gesti\u00f3 de l&#8217;Hospital de M\u00f3ra d&#8217;Ebre ser\u00e0 100% del Catsalut, amb participaci\u00f3 del territori"},"content":{"rendered":"<p><em><strong>El Delegat territorial de salut a l\u2019Ebre, el Dr. Pi\u00f1as, avan\u00e7a als treballadors de l\u2019Hospital Comarcal de M\u00f3ra d\u2019Ebre que la gesti\u00f3 del centre a partir de l\u2019abril del 2018 seria p\u00fablica amb la participaci\u00f3 del territori. Els treballadors del centre han demanat al delegat territorial que faci tot el possible per tal que es subroguin els contractes de tots els treballadors subcontractats i que es solucioni el problema amb els temporals. \u00a0<\/strong><\/em><\/p>\n<p><em><strong>Membres del comit\u00e8 empresa de l\u2019Hospital Comarcal s\u2019han reunit recentment amb el Dr. Pi\u00f1as, el delegat de salut a l\u2019Ebre, qui els va confirmar que tot apunta a que el Departament de Salut apostar\u00e0 per un model de gesti\u00f3 p\u00fablica, depenent al 100% del CatSalut per\u00f2 amb la participaci\u00f3 del territori.<\/strong><\/em><\/p>\n<p>ADRIANA MONCL\u00daS<\/p>\n<p><a href=\"http:\/\/radiomoradebre.cat\/wp\/wp-content\/uploads\/2017\/06\/CRO-26-6-17-GESTIO-HOSPITAL-PUBLICA.mp3\">CRO 26-6-17 GESTIO HOSPITAL PUBLICA<\/a><\/p>\n<p><a href=\"http:\/\/radiomoradebre.cat\/wp\/wp-content\/uploads\/2017\/03\/hospital-mora-debre.jpg\"><img loading=\"lazy\" decoding=\"async\" class=\"aligncenter size-medium wp-image-26818\" src=\"http:\/\/radiomoradebre.cat\/wp\/wp-content\/uploads\/2017\/03\/hospital-mora-debre-300x168.jpg\" alt=\"\" width=\"300\" height=\"168\" srcset=\"https:\/\/www.radiomoradebre.cat\/wp\/wp-content\/uploads\/2017\/03\/hospital-mora-debre-300x168.jpg 300w, https:\/\/www.radiomoradebre.cat\/wp\/wp-content\/uploads\/2017\/03\/hospital-mora-debre-768x431.jpg 768w, https:\/\/www.radiomoradebre.cat\/wp\/wp-content\/uploads\/2017\/03\/hospital-mora-debre.jpg 990w\" sizes=\"auto, (max-width: 300px) 100vw, 300px\" \/><\/a><\/p>\n<p>&nbsp;<\/p>\n","protected":false},"excerpt":{"rendered":"<p>El Delegat territorial de salut a l\u2019Ebre, el Dr. Pi\u00f1as, avan\u00e7a als treballadors de l\u2019Hospital Comarcal de M\u00f3ra d\u2019Ebre que la gesti\u00f3 del centre a partir de l\u2019abril del 2018 seria p\u00fablica amb la participaci\u00f3 del territori. Els treballadors del &hellip; <a href=\"https:\/\/www.radiomoradebre.cat\/wp\/2017\/06\/26\/la-gestio-de-lhospital-de-mora-debre-sera-100-del-catsalut-amb-participacio-del-territori\/\">Continue reading <span class=\"meta-nav\">&rarr;<\/span><\/a><\/p>\n","protected":false},"author":3,"featured_media":0,"comment_status":"closed","ping_status":"open","sticky":false,"template":"","format":"standard","meta":{"footnotes":""},"categories":[2],"tags":[12231,3180,1159,34,36,9254,57,882,709,10757,2248],"class_list":["post-27948","post","type-post","status-publish","format-standard","hentry","category-noticies","tag-centre-sanitari","tag-gecohsa","tag-hospital","tag-hospital-comarcal-de-mora-debre","tag-jose-dominguez","tag-josep-dominguez","tag-mora-debre","tag-salut","tag-sanitat","tag-treballadors-hospital-mora-debre","tag-ugt"],"_links":{"self":[{"href":"https:\/\/www.radiomoradebre.cat\/wp\/wp-json\/wp\/v2\/posts\/27948","targetHints":{"allow":["GET"]}}],"collection":[{"href":"https:\/\/www.radiomoradebre.cat\/wp\/wp-json\/wp\/v2\/posts"}],"about":[{"href":"https:\/\/www.radiomoradebre.cat\/wp\/wp-json\/wp\/v2\/types\/post"}],"author":[{"embeddable":true,"href":"https:\/\/www.radiomoradebre.cat\/wp\/wp-json\/wp\/v2\/users\/3"}],"replies":[{"embeddable":true,"href":"https:\/\/www.radiomoradebre.cat\/wp\/wp-json\/wp\/v2\/comments?post=27948"}],"version-history":[{"count":1,"href":"https:\/\/www.radiomoradebre.cat\/wp\/wp-json\/wp\/v2\/posts\/27948\/revisions"}],"predecessor-version":[{"id":27950,"href":"https:\/\/www.radiomoradebre.cat\/wp\/wp-json\/wp\/v2\/posts\/27948\/revisions\/27950"}],"wp:attachment":[{"href":"https:\/\/www.radiomoradebre.cat\/wp\/wp-json\/wp\/v2\/media?parent=27948"}],"wp:term":[{"taxonomy":"category","embeddable":true,"href":"https:\/\/www.radiomoradebre.cat\/wp\/wp-json\/wp\/v2\/categories?post=27948"},{"taxonomy":"post_tag","embeddable":true,"href":"https:\/\/www.radiomoradebre.cat\/wp\/wp-json\/wp\/v2\/tags?post=27948"}],"curies":[{"name":"wp","href":"https:\/\/api.w.org\/{rel}","templated":true}]}}