
{"id":27835,"date":"2017-06-15T13:57:12","date_gmt":"2017-06-15T11:57:12","guid":{"rendered":"http:\/\/radiomoradebre.cat\/wp\/?p=27835"},"modified":"2017-06-15T13:57:12","modified_gmt":"2017-06-15T11:57:12","slug":"avui-que-cuinem-caragols-i-coca-de-sant-joan-15-6-17","status":"publish","type":"post","link":"https:\/\/www.radiomoradebre.cat\/wp\/2017\/06\/15\/avui-que-cuinem-caragols-i-coca-de-sant-joan-15-6-17\/","title":{"rendered":"Avui qu\u00e8 cuinem? caragols i coca de Sant Joan (15-6-17)"},"content":{"rendered":"<p>AVUI QU\u00c8 CUINEM? Aquesta setmana hem tancat la temporada del programa de cuina de la r\u00e0dio amb la Magda i l&#8217;Agustina, 17 programes on \u00a0hem apostat per apropar-nos als productes del territori amb la companyia de molts productors de la Ribera d&#8217;Ebre, la Terra Alta i el Priorat. L&#8217;\u00faltim programa de la temporada l&#8217;hem dedicat als protagonistes\u00a0de Sant Joan: els caragols i la coca!<\/p>\n<p><a href=\"http:\/\/radiomoradebre.cat\/wp\/wp-content\/uploads\/2017\/06\/AVUI-CUINEM-15-6-17-ST-JOAN.mp3\">AVUI CUINEM 15-6-17 ST JOAN<\/a><\/p>\n<p><a href=\"http:\/\/radiomoradebre.cat\/wp\/wp-content\/uploads\/2017\/06\/FullSizeRender-52.jpg\"><img loading=\"lazy\" decoding=\"async\" class=\"aligncenter size-medium wp-image-27836\" src=\"http:\/\/radiomoradebre.cat\/wp\/wp-content\/uploads\/2017\/06\/FullSizeRender-52-300x261.jpg\" alt=\"\" width=\"300\" height=\"261\" srcset=\"https:\/\/www.radiomoradebre.cat\/wp\/wp-content\/uploads\/2017\/06\/FullSizeRender-52-300x261.jpg 300w, https:\/\/www.radiomoradebre.cat\/wp\/wp-content\/uploads\/2017\/06\/FullSizeRender-52-768x667.jpg 768w, https:\/\/www.radiomoradebre.cat\/wp\/wp-content\/uploads\/2017\/06\/FullSizeRender-52-1024x890.jpg 1024w\" sizes=\"auto, (max-width: 300px) 100vw, 300px\" \/><\/a><\/p>\n<p>&nbsp;<\/p>\n","protected":false},"excerpt":{"rendered":"<p>AVUI QU\u00c8 CUINEM? Aquesta setmana hem tancat la temporada del programa de cuina de la r\u00e0dio amb la Magda i l&#8217;Agustina, 17 programes on \u00a0hem apostat per apropar-nos als productes del territori amb la companyia de molts productors de la &hellip; <a href=\"https:\/\/www.radiomoradebre.cat\/wp\/2017\/06\/15\/avui-que-cuinem-caragols-i-coca-de-sant-joan-15-6-17\/\">Continue reading <span class=\"meta-nav\">&rarr;<\/span><\/a><\/p>\n","protected":false},"author":3,"featured_media":0,"comment_status":"closed","ping_status":"open","sticky":false,"template":"","format":"standard","meta":{"footnotes":""},"categories":[12],"tags":[3428,12121,8892,8645,4868,7577,2508,12133,12134,3426,2730,3427,3805,7044,6436,2664,7856,11736,1151],"class_list":["post-27835","post","type-post","status-publish","format-standard","hentry","category-horamoradebre","tag-agustina","tag-agustina-perez","tag-avui-cuinem","tag-avui-que-cuinem","tag-caragols","tag-caragols-de-sant-joan","tag-coca","tag-coca-de-sant-joan","tag-crema","tag-cuina","tag-gastronomia","tag-magda","tag-magda-bonavida","tag-pinyons","tag-recepta","tag-receptes","tag-receptes-de-cuina","tag-receptes-gastronomiques","tag-sant-joan"],"_links":{"self":[{"href":"https:\/\/www.radiomoradebre.cat\/wp\/wp-json\/wp\/v2\/posts\/27835","targetHints":{"allow":["GET"]}}],"collection":[{"href":"https:\/\/www.radiomoradebre.cat\/wp\/wp-json\/wp\/v2\/posts"}],"about":[{"href":"https:\/\/www.radiomoradebre.cat\/wp\/wp-json\/wp\/v2\/types\/post"}],"author":[{"embeddable":true,"href":"https:\/\/www.radiomoradebre.cat\/wp\/wp-json\/wp\/v2\/users\/3"}],"replies":[{"embeddable":true,"href":"https:\/\/www.radiomoradebre.cat\/wp\/wp-json\/wp\/v2\/comments?post=27835"}],"version-history":[{"count":1,"href":"https:\/\/www.radiomoradebre.cat\/wp\/wp-json\/wp\/v2\/posts\/27835\/revisions"}],"predecessor-version":[{"id":27837,"href":"https:\/\/www.radiomoradebre.cat\/wp\/wp-json\/wp\/v2\/posts\/27835\/revisions\/27837"}],"wp:attachment":[{"href":"https:\/\/www.radiomoradebre.cat\/wp\/wp-json\/wp\/v2\/media?parent=27835"}],"wp:term":[{"taxonomy":"category","embeddable":true,"href":"https:\/\/www.radiomoradebre.cat\/wp\/wp-json\/wp\/v2\/categories?post=27835"},{"taxonomy":"post_tag","embeddable":true,"href":"https:\/\/www.radiomoradebre.cat\/wp\/wp-json\/wp\/v2\/tags?post=27835"}],"curies":[{"name":"wp","href":"https:\/\/api.w.org\/{rel}","templated":true}]}}