
{"id":27686,"date":"2017-06-05T17:19:32","date_gmt":"2017-06-05T15:19:32","guid":{"rendered":"http:\/\/radiomoradebre.cat\/wp\/?p=27686"},"modified":"2017-06-05T17:19:32","modified_gmt":"2017-06-05T15:19:32","slug":"transit-demana-precaucio-a-la-carretera-per-respectar-els-ciclistes","status":"publish","type":"post","link":"https:\/\/www.radiomoradebre.cat\/wp\/2017\/06\/05\/transit-demana-precaucio-a-la-carretera-per-respectar-els-ciclistes\/","title":{"rendered":"Tr\u00e0nsit demana precauci\u00f3 a la carretera per respectar els ciclistes"},"content":{"rendered":"<p><em><strong>Quatre ciclistes han quedat ferits greus enguany a les carreteres tarragonines. Tr\u00e0nsit demana especial precauci\u00f3 a la resta de conductors.<\/strong><\/em><\/p>\n<p><em><strong>Els ciclistes s\u00f3n un dels col\u00b7lectius m\u00e9s vulnerables a l&#8217;hora de circular per la xarxa vi\u00e0ria a causa de la fragilitat del vehicle i la sobreexposici\u00f3 per la manca de carcassa. El Servei Catal\u00e0 de Tr\u00e0nsit recomana als que agafin la bicicleta que utilitzin armilles reflectants, i a la resta de conductors que respectin la dist\u00e0ncia m\u00ednima de seguretat.<\/strong><\/em><\/p>\n<p>SER TARRAGONA<\/p>\n<p><a href=\"http:\/\/radiomoradebre.cat\/wp\/wp-content\/uploads\/2017\/06\/CRO-05-06-17-transit.mp3\">CRO 05-06-17 transit<\/a><\/p>\n<p><a href=\"http:\/\/radiomoradebre.cat\/wp\/wp-content\/uploads\/2017\/06\/como_deben_circular_ciclistas_0.jpg\"><img loading=\"lazy\" decoding=\"async\" class=\"aligncenter size-medium wp-image-27688\" src=\"http:\/\/radiomoradebre.cat\/wp\/wp-content\/uploads\/2017\/06\/como_deben_circular_ciclistas_0-300x170.jpg\" alt=\"\" width=\"300\" height=\"170\" srcset=\"https:\/\/www.radiomoradebre.cat\/wp\/wp-content\/uploads\/2017\/06\/como_deben_circular_ciclistas_0-300x170.jpg 300w, https:\/\/www.radiomoradebre.cat\/wp\/wp-content\/uploads\/2017\/06\/como_deben_circular_ciclistas_0.jpg 669w\" sizes=\"auto, (max-width: 300px) 100vw, 300px\" \/><\/a><\/p>\n","protected":false},"excerpt":{"rendered":"<p>Quatre ciclistes han quedat ferits greus enguany a les carreteres tarragonines. Tr\u00e0nsit demana especial precauci\u00f3 a la resta de conductors. Els ciclistes s\u00f3n un dels col\u00b7lectius m\u00e9s vulnerables a l&#8217;hora de circular per la xarxa vi\u00e0ria a causa de la &hellip; <a href=\"https:\/\/www.radiomoradebre.cat\/wp\/2017\/06\/05\/transit-demana-precaucio-a-la-carretera-per-respectar-els-ciclistes\/\">Continue reading <span class=\"meta-nav\">&rarr;<\/span><\/a><\/p>\n","protected":false},"author":3,"featured_media":0,"comment_status":"closed","ping_status":"open","sticky":false,"template":"","format":"standard","meta":{"footnotes":""},"categories":[2],"tags":[1794,1790,2113,1060,11999,3315,2764],"class_list":["post-27686","post","type-post","status-publish","format-standard","hentry","category-noticies","tag-accidents","tag-ciclisme","tag-ciclistes","tag-esports","tag-eusebi-del-olmo","tag-precaucio","tag-transit"],"_links":{"self":[{"href":"https:\/\/www.radiomoradebre.cat\/wp\/wp-json\/wp\/v2\/posts\/27686","targetHints":{"allow":["GET"]}}],"collection":[{"href":"https:\/\/www.radiomoradebre.cat\/wp\/wp-json\/wp\/v2\/posts"}],"about":[{"href":"https:\/\/www.radiomoradebre.cat\/wp\/wp-json\/wp\/v2\/types\/post"}],"author":[{"embeddable":true,"href":"https:\/\/www.radiomoradebre.cat\/wp\/wp-json\/wp\/v2\/users\/3"}],"replies":[{"embeddable":true,"href":"https:\/\/www.radiomoradebre.cat\/wp\/wp-json\/wp\/v2\/comments?post=27686"}],"version-history":[{"count":1,"href":"https:\/\/www.radiomoradebre.cat\/wp\/wp-json\/wp\/v2\/posts\/27686\/revisions"}],"predecessor-version":[{"id":27689,"href":"https:\/\/www.radiomoradebre.cat\/wp\/wp-json\/wp\/v2\/posts\/27686\/revisions\/27689"}],"wp:attachment":[{"href":"https:\/\/www.radiomoradebre.cat\/wp\/wp-json\/wp\/v2\/media?parent=27686"}],"wp:term":[{"taxonomy":"category","embeddable":true,"href":"https:\/\/www.radiomoradebre.cat\/wp\/wp-json\/wp\/v2\/categories?post=27686"},{"taxonomy":"post_tag","embeddable":true,"href":"https:\/\/www.radiomoradebre.cat\/wp\/wp-json\/wp\/v2\/tags?post=27686"}],"curies":[{"name":"wp","href":"https:\/\/api.w.org\/{rel}","templated":true}]}}