
{"id":27372,"date":"2017-05-15T12:00:32","date_gmt":"2017-05-15T10:00:32","guid":{"rendered":"http:\/\/radiomoradebre.cat\/wp\/?p=27372"},"modified":"2017-05-15T12:00:32","modified_gmt":"2017-05-15T10:00:32","slug":"mes-de-mil-persones-per-un-hospital-digne","status":"publish","type":"post","link":"https:\/\/www.radiomoradebre.cat\/wp\/2017\/05\/15\/mes-de-mil-persones-per-un-hospital-digne\/","title":{"rendered":"M\u00e9s de mil persones per un hospital digne."},"content":{"rendered":"<p><em><b><span lang=\"CA\">M\u00e9s d\u2019un miler de persones reclamen a M\u00f3ra d\u2019Ebre inversions per a l\u2019Hospital Comarcal en la manifestaci\u00f3 organitzada aquest dissabte pels treballadors del centre.<\/span><\/b><\/em><\/p>\n<p>ADRIANA MONCL\u00daS<\/p>\n<p><a href=\"http:\/\/radiomoradebre.cat\/wp\/wp-content\/uploads\/2017\/05\/CRO-15-5-17-MANIFESTACIO-HOSPITAL-M\u00d3RA-DEBRE.mp3\">CRO 15-5-17 MANIFESTACIO HOSPITAL M\u00d3RA D&#8217;EBRE<\/a><\/p>\n<p><a href=\"http:\/\/radiomoradebre.cat\/wp\/wp-content\/uploads\/2017\/05\/18425458_1266969780090586_6813597160278997810_n.jpg\"><img loading=\"lazy\" decoding=\"async\" class=\"aligncenter size-medium wp-image-27374\" src=\"http:\/\/radiomoradebre.cat\/wp\/wp-content\/uploads\/2017\/05\/18425458_1266969780090586_6813597160278997810_n-300x225.jpg\" alt=\"\" width=\"300\" height=\"225\" srcset=\"https:\/\/www.radiomoradebre.cat\/wp\/wp-content\/uploads\/2017\/05\/18425458_1266969780090586_6813597160278997810_n-300x225.jpg 300w, https:\/\/www.radiomoradebre.cat\/wp\/wp-content\/uploads\/2017\/05\/18425458_1266969780090586_6813597160278997810_n-768x576.jpg 768w, https:\/\/www.radiomoradebre.cat\/wp\/wp-content\/uploads\/2017\/05\/18425458_1266969780090586_6813597160278997810_n.jpg 960w\" sizes=\"auto, (max-width: 300px) 100vw, 300px\" \/><\/a><\/p>\n","protected":false},"excerpt":{"rendered":"<p>M\u00e9s d\u2019un miler de persones reclamen a M\u00f3ra d\u2019Ebre inversions per a l\u2019Hospital Comarcal en la manifestaci\u00f3 organitzada aquest dissabte pels treballadors del centre. ADRIANA MONCL\u00daS CRO 15-5-17 MANIFESTACIO HOSPITAL M\u00d3RA D&#8217;EBRE<\/p>\n","protected":false},"author":3,"featured_media":0,"comment_status":"closed","ping_status":"open","sticky":false,"template":"","format":"standard","meta":{"footnotes":""},"categories":[2],"tags":[372,8746,11374,692,3180,1159,34,1479,883,5455,11669,185,2085,140,11668,11655,57,371,882,709,10757,181],"class_list":["post-27372","post","type-post","status-publish","format-standard","hentry","category-noticies","tag-ajuntament-de-reus","tag-altebrat","tag-antoni-comin","tag-gechosa","tag-gecohsa","tag-hospital","tag-hospital-comarcal-de-mora-debre","tag-hospital-comarcal-mora-debre","tag-hospital-mora-debre","tag-inversions","tag-inversions-hospital-mora-debre","tag-joan-pinol","tag-jordi-rubio","tag-manifestacio","tag-manifestacio-hospital","tag-manifestacio-hospital-mora-debre","tag-mora-debre","tag-sagessa","tag-salut","tag-sanitat","tag-treballadors-hospital-mora-debre","tag-xavier-pallares"],"_links":{"self":[{"href":"https:\/\/www.radiomoradebre.cat\/wp\/wp-json\/wp\/v2\/posts\/27372","targetHints":{"allow":["GET"]}}],"collection":[{"href":"https:\/\/www.radiomoradebre.cat\/wp\/wp-json\/wp\/v2\/posts"}],"about":[{"href":"https:\/\/www.radiomoradebre.cat\/wp\/wp-json\/wp\/v2\/types\/post"}],"author":[{"embeddable":true,"href":"https:\/\/www.radiomoradebre.cat\/wp\/wp-json\/wp\/v2\/users\/3"}],"replies":[{"embeddable":true,"href":"https:\/\/www.radiomoradebre.cat\/wp\/wp-json\/wp\/v2\/comments?post=27372"}],"version-history":[{"count":1,"href":"https:\/\/www.radiomoradebre.cat\/wp\/wp-json\/wp\/v2\/posts\/27372\/revisions"}],"predecessor-version":[{"id":27375,"href":"https:\/\/www.radiomoradebre.cat\/wp\/wp-json\/wp\/v2\/posts\/27372\/revisions\/27375"}],"wp:attachment":[{"href":"https:\/\/www.radiomoradebre.cat\/wp\/wp-json\/wp\/v2\/media?parent=27372"}],"wp:term":[{"taxonomy":"category","embeddable":true,"href":"https:\/\/www.radiomoradebre.cat\/wp\/wp-json\/wp\/v2\/categories?post=27372"},{"taxonomy":"post_tag","embeddable":true,"href":"https:\/\/www.radiomoradebre.cat\/wp\/wp-json\/wp\/v2\/tags?post=27372"}],"curies":[{"name":"wp","href":"https:\/\/api.w.org\/{rel}","templated":true}]}}