
{"id":27243,"date":"2017-05-02T18:25:31","date_gmt":"2017-05-02T16:25:31","guid":{"rendered":"http:\/\/radiomoradebre.cat\/wp\/?p=27243"},"modified":"2017-05-02T18:25:31","modified_gmt":"2017-05-02T16:25:31","slug":"entrevista-lluis-salvado-2-5-17","status":"publish","type":"post","link":"https:\/\/www.radiomoradebre.cat\/wp\/2017\/05\/02\/entrevista-lluis-salvado-2-5-17\/","title":{"rendered":"Entrevista Llu\u00eds Salvad\u00f3 (2-5-17)"},"content":{"rendered":"<p>HORA M\u00d3RA D&#8217;EBRE. Al programa d&#8217;avui ens ha visitat el Secretari d&#8217;Hisenda de la Generalitat, Llu\u00eds Salvad\u00f3. Amb ell hem conversat sobre el nou impost nuclear, el c\u00e0non e\u00f2lic que demana l&#8217;AMEC i tamb\u00e9 sobre les noves oficines de l&#8217;Ag\u00e8ncia Tribut\u00e0ria Catalana que tindran una subseu a M\u00f3ra d&#8217;Ebre.<\/p>\n<p><a href=\"http:\/\/radiomoradebre.cat\/wp\/wp-content\/uploads\/2017\/05\/ENTREVISTA-LLUIS-SALVADO-2-5-17-.mp3\">ENTREVISTA LLUIS SALVADO 2-5-17<\/a><\/p>\n<p><a href=\"http:\/\/radiomoradebre.cat\/wp\/wp-content\/uploads\/2017\/05\/IMG_5163.jpg\"><img loading=\"lazy\" decoding=\"async\" class=\"aligncenter size-medium wp-image-27244\" src=\"http:\/\/radiomoradebre.cat\/wp\/wp-content\/uploads\/2017\/05\/IMG_5163-300x225.jpg\" alt=\"\" width=\"300\" height=\"225\" srcset=\"https:\/\/www.radiomoradebre.cat\/wp\/wp-content\/uploads\/2017\/05\/IMG_5163-300x225.jpg 300w, https:\/\/www.radiomoradebre.cat\/wp\/wp-content\/uploads\/2017\/05\/IMG_5163-768x576.jpg 768w, https:\/\/www.radiomoradebre.cat\/wp\/wp-content\/uploads\/2017\/05\/IMG_5163-1024x768.jpg 1024w\" sizes=\"auto, (max-width: 300px) 100vw, 300px\" \/><\/a><\/p>\n","protected":false},"excerpt":{"rendered":"<p>HORA M\u00d3RA D&#8217;EBRE. Al programa d&#8217;avui ens ha visitat el Secretari d&#8217;Hisenda de la Generalitat, Llu\u00eds Salvad\u00f3. Amb ell hem conversat sobre el nou impost nuclear, el c\u00e0non e\u00f2lic que demana l&#8217;AMEC i tamb\u00e9 sobre les noves oficines de l&#8217;Ag\u00e8ncia &hellip; <a href=\"https:\/\/www.radiomoradebre.cat\/wp\/2017\/05\/02\/entrevista-lluis-salvado-2-5-17\/\">Continue reading <span class=\"meta-nav\">&rarr;<\/span><\/a><\/p>\n","protected":false},"author":3,"featured_media":0,"comment_status":"closed","ping_status":"open","sticky":false,"template":"","format":"standard","meta":{"footnotes":""},"categories":[12],"tags":[682,11551,5204,357,11550,11509,7626,11549,831,11547,2891,4010,826,162,955,11548],"class_list":["post-27243","post","type-post","status-publish","format-standard","hentry","category-horamoradebre","tag-agencia-tributaria-catalana","tag-agenctia-tributaria","tag-amec","tag-anav","tag-atc","tag-canon-eolic","tag-energia-nuclear","tag-energies-renovables","tag-hisenda","tag-hisenda-catalana","tag-impost","tag-impost-nuclear","tag-impostos","tag-lluis-salvado","tag-nuclear","tag-secretari-dhisenda"],"_links":{"self":[{"href":"https:\/\/www.radiomoradebre.cat\/wp\/wp-json\/wp\/v2\/posts\/27243","targetHints":{"allow":["GET"]}}],"collection":[{"href":"https:\/\/www.radiomoradebre.cat\/wp\/wp-json\/wp\/v2\/posts"}],"about":[{"href":"https:\/\/www.radiomoradebre.cat\/wp\/wp-json\/wp\/v2\/types\/post"}],"author":[{"embeddable":true,"href":"https:\/\/www.radiomoradebre.cat\/wp\/wp-json\/wp\/v2\/users\/3"}],"replies":[{"embeddable":true,"href":"https:\/\/www.radiomoradebre.cat\/wp\/wp-json\/wp\/v2\/comments?post=27243"}],"version-history":[{"count":1,"href":"https:\/\/www.radiomoradebre.cat\/wp\/wp-json\/wp\/v2\/posts\/27243\/revisions"}],"predecessor-version":[{"id":27245,"href":"https:\/\/www.radiomoradebre.cat\/wp\/wp-json\/wp\/v2\/posts\/27243\/revisions\/27245"}],"wp:attachment":[{"href":"https:\/\/www.radiomoradebre.cat\/wp\/wp-json\/wp\/v2\/media?parent=27243"}],"wp:term":[{"taxonomy":"category","embeddable":true,"href":"https:\/\/www.radiomoradebre.cat\/wp\/wp-json\/wp\/v2\/categories?post=27243"},{"taxonomy":"post_tag","embeddable":true,"href":"https:\/\/www.radiomoradebre.cat\/wp\/wp-json\/wp\/v2\/tags?post=27243"}],"curies":[{"name":"wp","href":"https:\/\/api.w.org\/{rel}","templated":true}]}}