
{"id":27167,"date":"2017-04-25T13:19:57","date_gmt":"2017-04-25T11:19:57","guid":{"rendered":"http:\/\/radiomoradebre.cat\/wp\/?p=27167"},"modified":"2017-04-25T13:19:57","modified_gmt":"2017-04-25T11:19:57","slug":"una-gelada-malmet-les-plantacions-de-vinya-a-horta-de-sant-joan","status":"publish","type":"post","link":"https:\/\/www.radiomoradebre.cat\/wp\/2017\/04\/25\/una-gelada-malmet-les-plantacions-de-vinya-a-horta-de-sant-joan\/","title":{"rendered":"Una gelada malmet les plantacions de vinya a Horta de Sant Joan"},"content":{"rendered":"<p><em><strong>Una gelada inesperada, en a les portes del mes de maig, ha malm\u00e8s part de les vinyes d\u2019Horta de Sant Joan. Les baixes temperatures la matinada del dissabte van afectar prop d\u2019un 30 per cent dels cultius del municipi i podrien reduir la verema d\u2019enguany.<\/strong><\/em><\/p>\n<p><em><strong>Les gelades no afecten la qualitat del ra\u00efm per\u00f2 s\u00ed la quantitat que es collir\u00e0. Les afectacions podrien reduir un 40 o un 50 per cent la collita en les hect\u00e0rees afectades.<\/strong><\/em><\/p>\n<p>ANDREU PRUNERA \/ ACN<\/p>\n<p><a href=\"http:\/\/radiomoradebre.cat\/wp\/wp-content\/uploads\/2017\/04\/CRO-25-04-17-vinya-horta.mp3\">CRO 25-04-17 vinya horta<\/a><\/p>\n<div id=\"attachment_27169\" style=\"width: 310px\" class=\"wp-caption aligncenter\"><a href=\"http:\/\/radiomoradebre.cat\/wp\/wp-content\/uploads\/2017\/04\/foto_3201933.jpg\"><img loading=\"lazy\" decoding=\"async\" aria-describedby=\"caption-attachment-27169\" class=\"size-medium wp-image-27169\" src=\"http:\/\/radiomoradebre.cat\/wp\/wp-content\/uploads\/2017\/04\/foto_3201933-300x200.jpg\" alt=\"\" width=\"300\" height=\"200\" srcset=\"https:\/\/www.radiomoradebre.cat\/wp\/wp-content\/uploads\/2017\/04\/foto_3201933-300x200.jpg 300w, https:\/\/www.radiomoradebre.cat\/wp\/wp-content\/uploads\/2017\/04\/foto_3201933-768x512.jpg 768w, https:\/\/www.radiomoradebre.cat\/wp\/wp-content\/uploads\/2017\/04\/foto_3201933-1024x683.jpg 1024w\" sizes=\"auto, (max-width: 300px) 100vw, 300px\" \/><\/a><p id=\"caption-attachment-27169\" class=\"wp-caption-text\">Primer pla d&#8217;un brot gelat a vinyes d&#8217;Horta, als Plans d&#8217;Arnes. Imatge: ACN.<\/p><\/div>\n","protected":false},"excerpt":{"rendered":"<p>Una gelada inesperada, en a les portes del mes de maig, ha malm\u00e8s part de les vinyes d\u2019Horta de Sant Joan. Les baixes temperatures la matinada del dissabte van afectar prop d\u2019un 30 per cent dels cultius del municipi i &hellip; <a href=\"https:\/\/www.radiomoradebre.cat\/wp\/2017\/04\/25\/una-gelada-malmet-les-plantacions-de-vinya-a-horta-de-sant-joan\/\">Continue reading <span class=\"meta-nav\">&rarr;<\/span><\/a><\/p>\n","protected":false},"author":3,"featured_media":0,"comment_status":"closed","ping_status":"open","sticky":false,"template":"","format":"standard","meta":{"footnotes":""},"categories":[2],"tags":[1095,1509,9820,11478,404,684,9138,1688,1607,1096,1925],"class_list":["post-27167","post","type-post","status-publish","format-standard","hentry","category-noticies","tag-agricultura","tag-collita","tag-gelada","tag-gelades","tag-horta-de-sant-joan","tag-meteorologia","tag-miquel-bosch","tag-unio-de-pagesos","tag-verema","tag-vinya","tag-vinyes"],"_links":{"self":[{"href":"https:\/\/www.radiomoradebre.cat\/wp\/wp-json\/wp\/v2\/posts\/27167","targetHints":{"allow":["GET"]}}],"collection":[{"href":"https:\/\/www.radiomoradebre.cat\/wp\/wp-json\/wp\/v2\/posts"}],"about":[{"href":"https:\/\/www.radiomoradebre.cat\/wp\/wp-json\/wp\/v2\/types\/post"}],"author":[{"embeddable":true,"href":"https:\/\/www.radiomoradebre.cat\/wp\/wp-json\/wp\/v2\/users\/3"}],"replies":[{"embeddable":true,"href":"https:\/\/www.radiomoradebre.cat\/wp\/wp-json\/wp\/v2\/comments?post=27167"}],"version-history":[{"count":1,"href":"https:\/\/www.radiomoradebre.cat\/wp\/wp-json\/wp\/v2\/posts\/27167\/revisions"}],"predecessor-version":[{"id":27170,"href":"https:\/\/www.radiomoradebre.cat\/wp\/wp-json\/wp\/v2\/posts\/27167\/revisions\/27170"}],"wp:attachment":[{"href":"https:\/\/www.radiomoradebre.cat\/wp\/wp-json\/wp\/v2\/media?parent=27167"}],"wp:term":[{"taxonomy":"category","embeddable":true,"href":"https:\/\/www.radiomoradebre.cat\/wp\/wp-json\/wp\/v2\/categories?post=27167"},{"taxonomy":"post_tag","embeddable":true,"href":"https:\/\/www.radiomoradebre.cat\/wp\/wp-json\/wp\/v2\/tags?post=27167"}],"curies":[{"name":"wp","href":"https:\/\/api.w.org\/{rel}","templated":true}]}}