
{"id":27161,"date":"2017-04-24T16:13:23","date_gmt":"2017-04-24T14:13:23","guid":{"rendered":"http:\/\/radiomoradebre.cat\/wp\/?p=27161"},"modified":"2017-04-24T16:13:23","modified_gmt":"2017-04-24T14:13:23","slug":"informatiu-hora-14-24-4-17","status":"publish","type":"post","link":"https:\/\/www.radiomoradebre.cat\/wp\/2017\/04\/24\/informatiu-hora-14-24-4-17\/","title":{"rendered":"Informatiu HORA 14 (24-4-17)"},"content":{"rendered":"<p>HORA 14. L&#8217;actualitat del territori protagonitza l&#8217;informatiu del migdia de R\u00e0dio M\u00f3ra d&#8217;Ebre. De dilluns a divendres a les 13.50h, amb Adriana Moncl\u00fas i Andreu Prunera.<\/p>\n<p><a href=\"http:\/\/radiomoradebre.cat\/wp\/wp-content\/uploads\/2017\/04\/HORA_14_24-4-17-1.mp3\">HORA_14_24-4-17<\/a><\/p>\n<p><a href=\"http:\/\/radiomoradebre.cat\/wp\/wp-content\/uploads\/2017\/01\/micro_IMG_2506-2.jpg\"><img loading=\"lazy\" decoding=\"async\" class=\"aligncenter size-medium wp-image-25475\" src=\"http:\/\/radiomoradebre.cat\/wp\/wp-content\/uploads\/2017\/01\/micro_IMG_2506-2-300x225.jpg\" alt=\"\" width=\"300\" height=\"225\" srcset=\"https:\/\/www.radiomoradebre.cat\/wp\/wp-content\/uploads\/2017\/01\/micro_IMG_2506-2-300x225.jpg 300w, https:\/\/www.radiomoradebre.cat\/wp\/wp-content\/uploads\/2017\/01\/micro_IMG_2506-2-768x576.jpg 768w, https:\/\/www.radiomoradebre.cat\/wp\/wp-content\/uploads\/2017\/01\/micro_IMG_2506-2-1024x768.jpg 1024w\" sizes=\"auto, (max-width: 300px) 100vw, 300px\" \/><\/a><\/p>\n","protected":false},"excerpt":{"rendered":"<p>HORA 14. L&#8217;actualitat del territori protagonitza l&#8217;informatiu del migdia de R\u00e0dio M\u00f3ra d&#8217;Ebre. De dilluns a divendres a les 13.50h, amb Adriana Moncl\u00fas i Andreu Prunera. HORA_14_24-4-17<\/p>\n","protected":false},"author":3,"featured_media":0,"comment_status":"closed","ping_status":"open","sticky":false,"template":"","format":"standard","meta":{"footnotes":""},"categories":[16],"tags":[9990,2461,2663,7057,3698,3298,46,11475,11472,11473,9366,3869,3503,1265,7058,7069,171,3055,961,1168,1764,11441,697,2132,11474,3112,8218,933,1063,6205,11471,8774,11470,11477,66,3031,696,695,2385,11476],"class_list":["post-27161","post","type-post","status-publish","format-standard","hentry","category-informatius","tag-50-anys-institut-julio-antonio","tag-adn","tag-adriana-monclus","tag-agusti-fornos","tag-andreu-prunera","tag-banc-adn","tag-bassa-la-papereria","tag-diada-sant-jordi","tag-dra-cusco","tag-eduardo-tizzano","tag-familiars-desapareguts","tag-fosses-comunes","tag-franquisme","tag-futbol","tag-grau-blade","tag-grau-blade-agroquimics","tag-guerra-civil-espanyola","tag-hora-14","tag-institut-julio-antonio","tag-joan-launes","tag-la-riuada","tag-llibreria-rosa","tag-llibres","tag-manolo-tomas","tag-maria-dolors-valls","tag-memoria-historica","tag-mostres-genetiques","tag-pde","tag-pitxixi","tag-pla-hidrologic-de-la-conca-de-lebre","tag-programa-didentificacio-genetica","tag-programa-didentificacio-genetica-dels-desapareguts-de-la-guerra-civil","tag-proves-adn","tag-revista-la-riuada","tag-riu-ebre","tag-rosa-marti","tag-roses","tag-sant-jordi","tag-sergi-bassa","tag-venda-de-llibres"],"_links":{"self":[{"href":"https:\/\/www.radiomoradebre.cat\/wp\/wp-json\/wp\/v2\/posts\/27161","targetHints":{"allow":["GET"]}}],"collection":[{"href":"https:\/\/www.radiomoradebre.cat\/wp\/wp-json\/wp\/v2\/posts"}],"about":[{"href":"https:\/\/www.radiomoradebre.cat\/wp\/wp-json\/wp\/v2\/types\/post"}],"author":[{"embeddable":true,"href":"https:\/\/www.radiomoradebre.cat\/wp\/wp-json\/wp\/v2\/users\/3"}],"replies":[{"embeddable":true,"href":"https:\/\/www.radiomoradebre.cat\/wp\/wp-json\/wp\/v2\/comments?post=27161"}],"version-history":[{"count":1,"href":"https:\/\/www.radiomoradebre.cat\/wp\/wp-json\/wp\/v2\/posts\/27161\/revisions"}],"predecessor-version":[{"id":27162,"href":"https:\/\/www.radiomoradebre.cat\/wp\/wp-json\/wp\/v2\/posts\/27161\/revisions\/27162"}],"wp:attachment":[{"href":"https:\/\/www.radiomoradebre.cat\/wp\/wp-json\/wp\/v2\/media?parent=27161"}],"wp:term":[{"taxonomy":"category","embeddable":true,"href":"https:\/\/www.radiomoradebre.cat\/wp\/wp-json\/wp\/v2\/categories?post=27161"},{"taxonomy":"post_tag","embeddable":true,"href":"https:\/\/www.radiomoradebre.cat\/wp\/wp-json\/wp\/v2\/tags?post=27161"}],"curies":[{"name":"wp","href":"https:\/\/api.w.org\/{rel}","templated":true}]}}