
{"id":27134,"date":"2017-04-21T15:04:01","date_gmt":"2017-04-21T13:04:01","guid":{"rendered":"http:\/\/radiomoradebre.cat\/wp\/?p=27134"},"modified":"2017-04-21T15:04:01","modified_gmt":"2017-04-21T13:04:01","slug":"avantmatx-top-4-ch-asco-21-4-17","status":"publish","type":"post","link":"https:\/\/www.radiomoradebre.cat\/wp\/2017\/04\/21\/avantmatx-top-4-ch-asco-21-4-17\/","title":{"rendered":"Avantmatx &#8211; TOP 4 CH Asc\u00f3 (21-4-17)"},"content":{"rendered":"<p>AVANTMATX. Aquest cap de setmana Asc\u00f3 acull el TOP 4 d&#8217;handbol infantil on hi participaran el CH Asc\u00f3, el Granollers, el Sant Vicen\u00e7 i la Roca. I al programa d&#8217;avui amb Francesc Granell ens ha acompanyat l&#8217;entrenador de l&#8217;equip infantil, en Txuma, amb les tres capitanes de l&#8217;equip, la Paula, l&#8217;Abril i l&#8217;Henar.<\/p>\n<p><a href=\"http:\/\/radiomoradebre.cat\/wp\/wp-content\/uploads\/2017\/04\/AVANTMATX-21-4-17-TOP-4-CH-ASC\u00d3.mp3\">AVANTMATX 21-4-17 TOP 4 CH ASC\u00d3<\/a><\/p>\n<p><a href=\"http:\/\/radiomoradebre.cat\/wp\/wp-content\/uploads\/2017\/04\/IMG_4734.jpg\"><img loading=\"lazy\" decoding=\"async\" class=\"aligncenter size-medium wp-image-27135\" src=\"http:\/\/radiomoradebre.cat\/wp\/wp-content\/uploads\/2017\/04\/IMG_4734-300x225.jpg\" alt=\"\" width=\"300\" height=\"225\" srcset=\"https:\/\/www.radiomoradebre.cat\/wp\/wp-content\/uploads\/2017\/04\/IMG_4734-300x225.jpg 300w, https:\/\/www.radiomoradebre.cat\/wp\/wp-content\/uploads\/2017\/04\/IMG_4734-768x576.jpg 768w, https:\/\/www.radiomoradebre.cat\/wp\/wp-content\/uploads\/2017\/04\/IMG_4734-1024x768.jpg 1024w\" sizes=\"auto, (max-width: 300px) 100vw, 300px\" \/><\/a><\/p>\n","protected":false},"excerpt":{"rendered":"<p>AVANTMATX. Aquest cap de setmana Asc\u00f3 acull el TOP 4 d&#8217;handbol infantil on hi participaran el CH Asc\u00f3, el Granollers, el Sant Vicen\u00e7 i la Roca. I al programa d&#8217;avui amb Francesc Granell ens ha acompanyat l&#8217;entrenador de l&#8217;equip infantil, &hellip; <a href=\"https:\/\/www.radiomoradebre.cat\/wp\/2017\/04\/21\/avantmatx-top-4-ch-asco-21-4-17\/\">Continue reading <span class=\"meta-nav\">&rarr;<\/span><\/a><\/p>\n","protected":false},"author":3,"featured_media":0,"comment_status":"closed","ping_status":"open","sticky":false,"template":"","format":"standard","meta":{"footnotes":""},"categories":[12],"tags":[3109,69,5504,8232,11445,11452,11453,11454,6945,1060,1354,11450,11446,11448,11449,11451,11447],"class_list":["post-27134","post","type-post","status-publish","format-standard","hentry","category-horamoradebre","tag-abril","tag-asco","tag-avantmatx","tag-avantmatx-esportiu","tag-ch-asco","tag-ch-granollers","tag-ch-la-roca","tag-ch-st-vicenc","tag-club-handbol-asco","tag-esports","tag-handbol","tag-henar","tag-josep-maria-alvarez","tag-paul","tag-paula","tag-top-4-handbol-infantil","tag-txuma"],"_links":{"self":[{"href":"https:\/\/www.radiomoradebre.cat\/wp\/wp-json\/wp\/v2\/posts\/27134","targetHints":{"allow":["GET"]}}],"collection":[{"href":"https:\/\/www.radiomoradebre.cat\/wp\/wp-json\/wp\/v2\/posts"}],"about":[{"href":"https:\/\/www.radiomoradebre.cat\/wp\/wp-json\/wp\/v2\/types\/post"}],"author":[{"embeddable":true,"href":"https:\/\/www.radiomoradebre.cat\/wp\/wp-json\/wp\/v2\/users\/3"}],"replies":[{"embeddable":true,"href":"https:\/\/www.radiomoradebre.cat\/wp\/wp-json\/wp\/v2\/comments?post=27134"}],"version-history":[{"count":1,"href":"https:\/\/www.radiomoradebre.cat\/wp\/wp-json\/wp\/v2\/posts\/27134\/revisions"}],"predecessor-version":[{"id":27136,"href":"https:\/\/www.radiomoradebre.cat\/wp\/wp-json\/wp\/v2\/posts\/27134\/revisions\/27136"}],"wp:attachment":[{"href":"https:\/\/www.radiomoradebre.cat\/wp\/wp-json\/wp\/v2\/media?parent=27134"}],"wp:term":[{"taxonomy":"category","embeddable":true,"href":"https:\/\/www.radiomoradebre.cat\/wp\/wp-json\/wp\/v2\/categories?post=27134"},{"taxonomy":"post_tag","embeddable":true,"href":"https:\/\/www.radiomoradebre.cat\/wp\/wp-json\/wp\/v2\/tags?post=27134"}],"curies":[{"name":"wp","href":"https:\/\/api.w.org\/{rel}","templated":true}]}}