
{"id":26398,"date":"2017-03-06T18:00:21","date_gmt":"2017-03-06T17:00:21","guid":{"rendered":"http:\/\/radiomoradebre.cat\/wp\/?p=26398"},"modified":"2017-03-06T18:00:21","modified_gmt":"2017-03-06T17:00:21","slug":"trens-dignes-portesta-per-defensar-la-r15","status":"publish","type":"post","link":"https:\/\/www.radiomoradebre.cat\/wp\/2017\/03\/06\/trens-dignes-portesta-per-defensar-la-r15\/","title":{"rendered":"Trens Dignes portesta per defensar la R15"},"content":{"rendered":"<p><em><strong>Unes 250 persones es van concentrar el dissabte al mat\u00ed a l\u2019estaci\u00f3 de tren de M\u00f3ra la Nova on van tallar la R-15 durant 20 minuts aturant un tren de passatgers que viatjava en direcci\u00f3 a Madrid. Ho van fer en una acci\u00f3 de protesta convocada per la Plataforma Trens Dignes de l\u2019Ebre i el Priorat per defensar la continu\u00eftat d\u2019aquesta via que podria estar en perill en el cas que es desdobli la R-14 entre Reus i Lleida.<\/strong><\/em><\/p>\n<p><em><strong>La l\u00ednia R-15 juntament amb la R-14 s\u00f3n les principals vies que s\u2019utilitzen per al trasllat de mercaderies des de Fran\u00e7a fins a Barcelona i cap a la resta de l\u2019estat Espanyol. Actualment passen per l\u2019estaci\u00f3 de M\u00f3ra la Nova 80 combois de mercaderies al dia i des de la Plataforma Trens Dignes temen que si es realitza el desdoblament de la R-14 entre Reus i Lleida pel tr\u00e0nsit de mercaderies aquesta s\u2019acabi convertint en una via de substituci\u00f3 de la R-15, el que faria perillar la l\u00ednia que d\u00f3na servei a la Ribera d\u2019Ebre, la Terra Alta i el Priorat que es quedar\u00eda amb un volum redu\u00eft de passatgers. Per\u00f2 la protesta d\u2019aquest dissabte tamb\u00e9 va servir per reclamar que es reobri l\u2019estaci\u00f3 de M\u00f3ra la Nova i que es crei d\u2019una per totes l\u2019Autoritat Territorial de Mobilitat a l\u2019Ebre.<\/strong><\/em><\/p>\n<p>ADRIANA MONCL\u00daS<\/p>\n<p><a href=\"http:\/\/radiomoradebre.cat\/wp\/wp-content\/uploads\/2017\/03\/CRO-6-3-17-TRENS-DIGNES-TALLA-R15.mp3\">CRO 6-3-17 TRENS DIGNES TALLA R15<\/a><\/p>\n<p><a href=\"http:\/\/radiomoradebre.cat\/wp\/wp-content\/uploads\/2017\/03\/17155255_1200204576767107_1059802378802160921_n.jpg\"><img loading=\"lazy\" decoding=\"async\" class=\"aligncenter size-medium wp-image-26400\" src=\"http:\/\/radiomoradebre.cat\/wp\/wp-content\/uploads\/2017\/03\/17155255_1200204576767107_1059802378802160921_n-300x225.jpg\" alt=\"\" width=\"300\" height=\"225\" srcset=\"https:\/\/www.radiomoradebre.cat\/wp\/wp-content\/uploads\/2017\/03\/17155255_1200204576767107_1059802378802160921_n-300x225.jpg 300w, https:\/\/www.radiomoradebre.cat\/wp\/wp-content\/uploads\/2017\/03\/17155255_1200204576767107_1059802378802160921_n-768x576.jpg 768w, https:\/\/www.radiomoradebre.cat\/wp\/wp-content\/uploads\/2017\/03\/17155255_1200204576767107_1059802378802160921_n.jpg 960w\" sizes=\"auto, (max-width: 300px) 100vw, 300px\" \/><\/a><\/p>\n","protected":false},"excerpt":{"rendered":"<p>Unes 250 persones es van concentrar el dissabte al mat\u00ed a l\u2019estaci\u00f3 de tren de M\u00f3ra la Nova on van tallar la R-15 durant 20 minuts aturant un tren de passatgers que viatjava en direcci\u00f3 a Madrid. Ho van fer &hellip; <a href=\"https:\/\/www.radiomoradebre.cat\/wp\/2017\/03\/06\/trens-dignes-portesta-per-defensar-la-r15\/\">Continue reading <span class=\"meta-nav\">&rarr;<\/span><\/a><\/p>\n","protected":false},"author":3,"featured_media":0,"comment_status":"closed","ping_status":"open","sticky":false,"template":"","format":"standard","meta":{"footnotes":""},"categories":[2],"tags":[139,2396,140,3170,83,10678,6165,76,2916],"class_list":["post-26398","post","type-post","status-publish","format-standard","hentry","category-noticies","tag-concentracio","tag-josep-casado","tag-manifestacio","tag-montse-castella","tag-mora-la-nova","tag-r14","tag-r15","tag-trens","tag-trens-dignes"],"_links":{"self":[{"href":"https:\/\/www.radiomoradebre.cat\/wp\/wp-json\/wp\/v2\/posts\/26398","targetHints":{"allow":["GET"]}}],"collection":[{"href":"https:\/\/www.radiomoradebre.cat\/wp\/wp-json\/wp\/v2\/posts"}],"about":[{"href":"https:\/\/www.radiomoradebre.cat\/wp\/wp-json\/wp\/v2\/types\/post"}],"author":[{"embeddable":true,"href":"https:\/\/www.radiomoradebre.cat\/wp\/wp-json\/wp\/v2\/users\/3"}],"replies":[{"embeddable":true,"href":"https:\/\/www.radiomoradebre.cat\/wp\/wp-json\/wp\/v2\/comments?post=26398"}],"version-history":[{"count":1,"href":"https:\/\/www.radiomoradebre.cat\/wp\/wp-json\/wp\/v2\/posts\/26398\/revisions"}],"predecessor-version":[{"id":26401,"href":"https:\/\/www.radiomoradebre.cat\/wp\/wp-json\/wp\/v2\/posts\/26398\/revisions\/26401"}],"wp:attachment":[{"href":"https:\/\/www.radiomoradebre.cat\/wp\/wp-json\/wp\/v2\/media?parent=26398"}],"wp:term":[{"taxonomy":"category","embeddable":true,"href":"https:\/\/www.radiomoradebre.cat\/wp\/wp-json\/wp\/v2\/categories?post=26398"},{"taxonomy":"post_tag","embeddable":true,"href":"https:\/\/www.radiomoradebre.cat\/wp\/wp-json\/wp\/v2\/tags?post=26398"}],"curies":[{"name":"wp","href":"https:\/\/api.w.org\/{rel}","templated":true}]}}