
{"id":26329,"date":"2017-03-02T19:45:24","date_gmt":"2017-03-02T18:45:24","guid":{"rendered":"http:\/\/radiomoradebre.cat\/wp\/?p=26329"},"modified":"2017-03-02T19:45:24","modified_gmt":"2017-03-02T18:45:24","slug":"flix-i-asco-installen-desfibrilladors-en-equipaments-publics","status":"publish","type":"post","link":"https:\/\/www.radiomoradebre.cat\/wp\/2017\/03\/02\/flix-i-asco-installen-desfibrilladors-en-equipaments-publics\/","title":{"rendered":"Flix i Asc\u00f3 instal\u00b7len desfibril\u00b7ladors en equipaments p\u00fablics"},"content":{"rendered":"<p><em><strong>Els Ajuntaments de Flix i Asc\u00f3 han instal\u00b7lat diversos aparells desfibril\u00b7ladors en espais p\u00fablics per poder donar resposta a persones que pateixin un episodi de parada cardiorespirat\u00f2ria.<\/strong><\/em><\/p>\n<p><em><strong>En concret, a Flix s&#8217;han instal\u00b7lat aquests equipaments port\u00e0tils a la fa\u00e7ana de l&#8217;Ajuntament, al pavell\u00f3 esportiu, al camp de futbol municipal i al Casal Sant Jordi. I se sumen al que porta el vehicle de la Gu\u00e0rdia Municipal i al que ja hi havia a l&#8217;Institut.<\/strong><\/em><\/p>\n<p><em><strong>D&#8217;altra banda, a Asc\u00f3 s&#8217;han instal\u00b7lat vuit aparells en edificis p\u00fablics on hi ha aflu\u00e8ncia de ve\u00efns, com pot ser la resid\u00e8ncia d&#8217;avis, la llar d&#8217;infants, l&#8217;escola de m\u00fasica, el pavell\u00f3 municipal o el camp d&#8217;esports.<\/strong><\/em><\/p>\n<p>ANDREU PRUNERA<\/p>\n<p><a href=\"http:\/\/radiomoradebre.cat\/wp\/wp-content\/uploads\/2017\/03\/CRO-02-03-17-desfibriladors.mp3\">CRO 02-03-17 desfibriladors<\/a><\/p>\n<p><a href=\"http:\/\/radiomoradebre.cat\/wp\/wp-content\/uploads\/2017\/03\/desfibril_lador_2017_01.jpg\"><img loading=\"lazy\" decoding=\"async\" class=\"aligncenter size-medium wp-image-26331\" src=\"http:\/\/radiomoradebre.cat\/wp\/wp-content\/uploads\/2017\/03\/desfibril_lador_2017_01-300x200.jpg\" alt=\"\" width=\"300\" height=\"200\" srcset=\"https:\/\/www.radiomoradebre.cat\/wp\/wp-content\/uploads\/2017\/03\/desfibril_lador_2017_01-300x200.jpg 300w, https:\/\/www.radiomoradebre.cat\/wp\/wp-content\/uploads\/2017\/03\/desfibril_lador_2017_01.jpg 525w\" sizes=\"auto, (max-width: 300px) 100vw, 300px\" \/><\/a><\/p>\n","protected":false},"excerpt":{"rendered":"<p>Els Ajuntaments de Flix i Asc\u00f3 han instal\u00b7lat diversos aparells desfibril\u00b7ladors en espais p\u00fablics per poder donar resposta a persones que pateixin un episodi de parada cardiorespirat\u00f2ria. En concret, a Flix s&#8217;han instal\u00b7lat aquests equipaments port\u00e0tils a la fa\u00e7ana de &hellip; <a href=\"https:\/\/www.radiomoradebre.cat\/wp\/2017\/03\/02\/flix-i-asco-installen-desfibrilladors-en-equipaments-publics\/\">Continue reading <span class=\"meta-nav\">&rarr;<\/span><\/a><\/p>\n","protected":false},"author":3,"featured_media":0,"comment_status":"closed","ping_status":"open","sticky":false,"template":"","format":"standard","meta":{"footnotes":""},"categories":[2],"tags":[69,8787,4465,1139,10723,93,1461,882],"class_list":["post-26329","post","type-post","status-publish","format-standard","hentry","category-noticies","tag-asco","tag-dea","tag-desfibrilador","tag-emergencia","tag-felipe-castan","tag-flix","tag-parada-cardiaca","tag-salut"],"_links":{"self":[{"href":"https:\/\/www.radiomoradebre.cat\/wp\/wp-json\/wp\/v2\/posts\/26329","targetHints":{"allow":["GET"]}}],"collection":[{"href":"https:\/\/www.radiomoradebre.cat\/wp\/wp-json\/wp\/v2\/posts"}],"about":[{"href":"https:\/\/www.radiomoradebre.cat\/wp\/wp-json\/wp\/v2\/types\/post"}],"author":[{"embeddable":true,"href":"https:\/\/www.radiomoradebre.cat\/wp\/wp-json\/wp\/v2\/users\/3"}],"replies":[{"embeddable":true,"href":"https:\/\/www.radiomoradebre.cat\/wp\/wp-json\/wp\/v2\/comments?post=26329"}],"version-history":[{"count":1,"href":"https:\/\/www.radiomoradebre.cat\/wp\/wp-json\/wp\/v2\/posts\/26329\/revisions"}],"predecessor-version":[{"id":26332,"href":"https:\/\/www.radiomoradebre.cat\/wp\/wp-json\/wp\/v2\/posts\/26329\/revisions\/26332"}],"wp:attachment":[{"href":"https:\/\/www.radiomoradebre.cat\/wp\/wp-json\/wp\/v2\/media?parent=26329"}],"wp:term":[{"taxonomy":"category","embeddable":true,"href":"https:\/\/www.radiomoradebre.cat\/wp\/wp-json\/wp\/v2\/categories?post=26329"},{"taxonomy":"post_tag","embeddable":true,"href":"https:\/\/www.radiomoradebre.cat\/wp\/wp-json\/wp\/v2\/tags?post=26329"}],"curies":[{"name":"wp","href":"https:\/\/api.w.org\/{rel}","templated":true}]}}