
{"id":263,"date":"2013-02-19T11:37:12","date_gmt":"2013-02-19T10:37:12","guid":{"rendered":"http:\/\/radiomoradebre.cat\/wp\/?p=263"},"modified":"2013-02-19T11:37:12","modified_gmt":"2013-02-19T10:37:12","slug":"2a-edicio-del-premi-idece-per-al-foment-de-la-projeccio-de-les-terres-de-lebre","status":"publish","type":"post","link":"https:\/\/www.radiomoradebre.cat\/wp\/2013\/02\/19\/2a-edicio-del-premi-idece-per-al-foment-de-la-projeccio-de-les-terres-de-lebre\/","title":{"rendered":"2a edici\u00f3 del Premi IDECE per al foment de la projecci\u00f3 de les Terres de l&#8217;Ebre"},"content":{"rendered":"<p><strong><em>L\u2019IDECE, l\u2019Institut per al Desenvolupament de les Comarques de l\u2019Ebre fomenta la projecci\u00f3 de les Terres de l\u2019Ebre i obre la convocat\u00f2ria de la segona edici\u00f3 d\u2019aquest premi que vol recompensar la qualitat dels treballs de recerca i cr\u00e8dits de s\u00edntesis sobre el desenvolupament de les comarques de l\u2019Ebre. <\/em><\/strong><\/p>\n<p>L\u2019Institut per al Desenvolupament de les Comarques de l\u2019Ebre, l\u2019IDECE, organitza per segon any consecutiu el Premi IDECE per fomentar la projecci\u00f3 de les Terres de l\u2019Ebre, amb l\u2019objectiu de recompensar la qualitat dels treballs de recerca i cr\u00e8dit de s\u00edntesi o projectes dels cicles formatius de grau superior, que estudi\u00efn el desenvolupament integral de les comarques de l\u2019Ebre. Jordi Borr\u00e0s \u00e9s el director de l\u2019IDECE:<\/p>\n<p><a href=\"http:\/\/radiomoradebre.cat\/wp\/wp-content\/uploads\/2013\/02\/JORDI-BORRAS-19-2-PREMI-IDECE.mp3\">JORDI BORRAS 19-2 PREMI IDECE<\/a><\/p>\n<p>Els alumnes podran presentar els seus treballs a l\u2019IDECE abans de 31 de maig per optar a una dotaci\u00f3 econ\u00f2mica distribu\u00efda en quatre guardons: amb un primer premi de 1.500 euros, un segon de mil, un tercer de 700 i un quart de 500 euros.<\/p>\n<p>Els guanyadors es publicaran a la web de l\u2019IDECE i el primer classificat es considerar\u00e0 la possibilitat de publicar-lo amb paper.<\/p>\n","protected":false},"excerpt":{"rendered":"<p>L\u2019IDECE, l\u2019Institut per al Desenvolupament de les Comarques de l\u2019Ebre fomenta la projecci\u00f3 de les Terres de l\u2019Ebre i obre la convocat\u00f2ria de la segona edici\u00f3 d\u2019aquest premi que vol recompensar la qualitat dels treballs de recerca i cr\u00e8dits de &hellip; <a href=\"https:\/\/www.radiomoradebre.cat\/wp\/2013\/02\/19\/2a-edicio-del-premi-idece-per-al-foment-de-la-projeccio-de-les-terres-de-lebre\/\">Continue reading <span class=\"meta-nav\">&rarr;<\/span><\/a><\/p>\n","protected":false},"author":3,"featured_media":0,"comment_status":"closed","ping_status":"open","sticky":false,"template":"","format":"standard","meta":{"footnotes":""},"categories":[2],"tags":[60,61,62,63],"class_list":["post-263","post","type-post","status-publish","format-standard","hentry","category-noticies","tag-idece","tag-institut-per-al-desenvolupament-de-les-comarques-de-lebre","tag-jordi-borras","tag-treball-recerca"],"_links":{"self":[{"href":"https:\/\/www.radiomoradebre.cat\/wp\/wp-json\/wp\/v2\/posts\/263","targetHints":{"allow":["GET"]}}],"collection":[{"href":"https:\/\/www.radiomoradebre.cat\/wp\/wp-json\/wp\/v2\/posts"}],"about":[{"href":"https:\/\/www.radiomoradebre.cat\/wp\/wp-json\/wp\/v2\/types\/post"}],"author":[{"embeddable":true,"href":"https:\/\/www.radiomoradebre.cat\/wp\/wp-json\/wp\/v2\/users\/3"}],"replies":[{"embeddable":true,"href":"https:\/\/www.radiomoradebre.cat\/wp\/wp-json\/wp\/v2\/comments?post=263"}],"version-history":[{"count":1,"href":"https:\/\/www.radiomoradebre.cat\/wp\/wp-json\/wp\/v2\/posts\/263\/revisions"}],"predecessor-version":[{"id":266,"href":"https:\/\/www.radiomoradebre.cat\/wp\/wp-json\/wp\/v2\/posts\/263\/revisions\/266"}],"wp:attachment":[{"href":"https:\/\/www.radiomoradebre.cat\/wp\/wp-json\/wp\/v2\/media?parent=263"}],"wp:term":[{"taxonomy":"category","embeddable":true,"href":"https:\/\/www.radiomoradebre.cat\/wp\/wp-json\/wp\/v2\/categories?post=263"},{"taxonomy":"post_tag","embeddable":true,"href":"https:\/\/www.radiomoradebre.cat\/wp\/wp-json\/wp\/v2\/tags?post=263"}],"curies":[{"name":"wp","href":"https:\/\/api.w.org\/{rel}","templated":true}]}}