
{"id":26155,"date":"2017-02-23T13:42:51","date_gmt":"2017-02-23T12:42:51","guid":{"rendered":"http:\/\/radiomoradebre.cat\/wp\/?p=26155"},"modified":"2017-02-23T13:42:51","modified_gmt":"2017-02-23T12:42:51","slug":"entrevista-jaume-gemma-i-david-blade-de-la-ribera-a-mexic-23-2-17","status":"publish","type":"post","link":"https:\/\/www.radiomoradebre.cat\/wp\/2017\/02\/23\/entrevista-jaume-gemma-i-david-blade-de-la-ribera-a-mexic-23-2-17\/","title":{"rendered":"Entrevista Jaume, Gemma i David &#8211; &#8220;Blad\u00e9, de la Ribera a M\u00e8xic&#8221; (23-2-17)"},"content":{"rendered":"<p>HORA M\u00d3RA D&#8217;EBRE. Els pobles de la Ribera d&#8217;Ebre s&#8217;uneixen per acollir fins al mes de maig la gira d&#8217;assaig de l&#8217;obra de teatre &#8220;Blad\u00e9, de la Ribera a M\u00e8xic&#8221; que dirigeix en Jaume Garcia. Al programa d&#8217;avui n&#8217;hem parlat amb el director i tamb\u00e9 amb la Gemma Carim i en David Terrones.<\/p>\n<p><a href=\"http:\/\/radiomoradebre.cat\/wp\/wp-content\/uploads\/2017\/02\/ENTREVISTA-OBRA-DE-BLADE-DE-LA-RIBERA-A-MEXIC-23-2-17.mp3\">ENTREVISTA OBRA DE BLADE DE LA RIBERA A MEXIC 23-2-17<\/a><\/p>\n<p><a href=\"http:\/\/radiomoradebre.cat\/wp\/wp-content\/uploads\/2017\/02\/IMG_3521.jpg\"><img loading=\"lazy\" decoding=\"async\" class=\"aligncenter size-medium wp-image-26156\" src=\"http:\/\/radiomoradebre.cat\/wp\/wp-content\/uploads\/2017\/02\/IMG_3521-300x225.jpg\" alt=\"\" width=\"300\" height=\"225\" srcset=\"https:\/\/www.radiomoradebre.cat\/wp\/wp-content\/uploads\/2017\/02\/IMG_3521-300x225.jpg 300w, https:\/\/www.radiomoradebre.cat\/wp\/wp-content\/uploads\/2017\/02\/IMG_3521-768x576.jpg 768w, https:\/\/www.radiomoradebre.cat\/wp\/wp-content\/uploads\/2017\/02\/IMG_3521-1024x768.jpg 1024w\" sizes=\"auto, (max-width: 300px) 100vw, 300px\" \/><\/a><\/p>\n","protected":false},"excerpt":{"rendered":"<p>HORA M\u00d3RA D&#8217;EBRE. Els pobles de la Ribera d&#8217;Ebre s&#8217;uneixen per acollir fins al mes de maig la gira d&#8217;assaig de l&#8217;obra de teatre &#8220;Blad\u00e9, de la Ribera a M\u00e8xic&#8221; que dirigeix en Jaume Garcia. Al programa d&#8217;avui n&#8217;hem parlat &hellip; <a href=\"https:\/\/www.radiomoradebre.cat\/wp\/2017\/02\/23\/entrevista-jaume-gemma-i-david-blade-de-la-ribera-a-mexic-23-2-17\/\">Continue reading <span class=\"meta-nav\">&rarr;<\/span><\/a><\/p>\n","protected":false},"author":3,"featured_media":0,"comment_status":"closed","ping_status":"open","sticky":false,"template":"","format":"standard","meta":{"footnotes":""},"categories":[12],"tags":[503,69,146,3847,5831,53,6211,10607,2623,93,298,1704,145,10606,10608,1093,3740,330,6274,147,57,83,10605,148,75,96,1465,296],"class_list":["post-26155","post","type-post","status-publish","format-standard","hentry","category-horamoradebre","tag-artur-blade-i-desumvila","tag-asco","tag-benissanet","tag-blade","tag-blade-i-desumvila","tag-consell-comarcal-de-la-ribera-debre","tag-david-terrones","tag-de-la-ribera-a-mexic","tag-exili","tag-flix","tag-garcia","tag-gemma-carim","tag-ginestar","tag-gira-dassaig","tag-jaume-garcia","tag-la-palma-debre","tag-la-serra-dalmos","tag-la-torre-de-lespanyol","tag-mexic","tag-miravet","tag-mora-debre","tag-mora-la-nova","tag-obra-de-teatre","tag-rasquera","tag-riba-roja-debre","tag-ribera-debre","tag-teatre","tag-vinebre"],"_links":{"self":[{"href":"https:\/\/www.radiomoradebre.cat\/wp\/wp-json\/wp\/v2\/posts\/26155","targetHints":{"allow":["GET"]}}],"collection":[{"href":"https:\/\/www.radiomoradebre.cat\/wp\/wp-json\/wp\/v2\/posts"}],"about":[{"href":"https:\/\/www.radiomoradebre.cat\/wp\/wp-json\/wp\/v2\/types\/post"}],"author":[{"embeddable":true,"href":"https:\/\/www.radiomoradebre.cat\/wp\/wp-json\/wp\/v2\/users\/3"}],"replies":[{"embeddable":true,"href":"https:\/\/www.radiomoradebre.cat\/wp\/wp-json\/wp\/v2\/comments?post=26155"}],"version-history":[{"count":1,"href":"https:\/\/www.radiomoradebre.cat\/wp\/wp-json\/wp\/v2\/posts\/26155\/revisions"}],"predecessor-version":[{"id":26157,"href":"https:\/\/www.radiomoradebre.cat\/wp\/wp-json\/wp\/v2\/posts\/26155\/revisions\/26157"}],"wp:attachment":[{"href":"https:\/\/www.radiomoradebre.cat\/wp\/wp-json\/wp\/v2\/media?parent=26155"}],"wp:term":[{"taxonomy":"category","embeddable":true,"href":"https:\/\/www.radiomoradebre.cat\/wp\/wp-json\/wp\/v2\/categories?post=26155"},{"taxonomy":"post_tag","embeddable":true,"href":"https:\/\/www.radiomoradebre.cat\/wp\/wp-json\/wp\/v2\/tags?post=26155"}],"curies":[{"name":"wp","href":"https:\/\/api.w.org\/{rel}","templated":true}]}}