
{"id":25806,"date":"2017-02-08T15:12:15","date_gmt":"2017-02-08T14:12:15","guid":{"rendered":"http:\/\/radiomoradebre.cat\/wp\/?p=25806"},"modified":"2017-02-08T15:12:15","modified_gmt":"2017-02-08T14:12:15","slug":"informatiu-hora-14-8-2-17","status":"publish","type":"post","link":"https:\/\/www.radiomoradebre.cat\/wp\/2017\/02\/08\/informatiu-hora-14-8-2-17\/","title":{"rendered":"Informatiu HORA 14 (8-2-17)"},"content":{"rendered":"<p>HORA 14. De dilluns a divendres a les 13.50h, \u00e9s l&#8217;hora de la informaci\u00f3 de la Ribera d&#8217;Ebre, la Terra Alta i el Priorat. Amb Adriana Moncl\u00fas i Andreu Prunera.<\/p>\n<p><a href=\"http:\/\/radiomoradebre.cat\/wp\/wp-content\/uploads\/2017\/02\/HORA_14_8-2-17-1.mp3\">HORA_14_8-2-17<\/a><\/p>\n<p><a href=\"http:\/\/radiomoradebre.cat\/wp\/wp-content\/uploads\/2017\/01\/micro_IMG_2510-1.jpg\"><img loading=\"lazy\" decoding=\"async\" class=\"aligncenter size-medium wp-image-25445\" src=\"http:\/\/radiomoradebre.cat\/wp\/wp-content\/uploads\/2017\/01\/micro_IMG_2510-1-300x225.jpg\" alt=\"\" width=\"300\" height=\"225\" srcset=\"https:\/\/www.radiomoradebre.cat\/wp\/wp-content\/uploads\/2017\/01\/micro_IMG_2510-1-300x225.jpg 300w, https:\/\/www.radiomoradebre.cat\/wp\/wp-content\/uploads\/2017\/01\/micro_IMG_2510-1-768x576.jpg 768w, https:\/\/www.radiomoradebre.cat\/wp\/wp-content\/uploads\/2017\/01\/micro_IMG_2510-1-1024x768.jpg 1024w\" sizes=\"auto, (max-width: 300px) 100vw, 300px\" \/><\/a><\/p>\n","protected":false},"excerpt":{"rendered":"<p>HORA 14. De dilluns a divendres a les 13.50h, \u00e9s l&#8217;hora de la informaci\u00f3 de la Ribera d&#8217;Ebre, la Terra Alta i el Priorat. Amb Adriana Moncl\u00fas i Andreu Prunera. HORA_14_8-2-17<\/p>\n","protected":false},"author":3,"featured_media":0,"comment_status":"closed","ping_status":"open","sticky":false,"template":"","format":"standard","meta":{"footnotes":""},"categories":[16],"tags":[869,9370,2663,10332,4685,3698,3670,10328,8909,10329,600,649,564,28,10341,10335,561,201,3671,10334,10333,197,3055,404,4233,10337,10339,10336,3380,10327,10330,10306,148,778,4496,1517,26,8431,2764,10331,991,10338,10304,10340],"class_list":["post-25806","post","type-post","status-publish","format-standard","hentry","category-informatius","tag-accident","tag-accident-de-transit","tag-adriana-monclus","tag-ajuntament-dhorta-de-sant-joan","tag-ajuntament-de-gandesa","tag-andreu-prunera","tag-antoni-cutrona","tag-associacio-barcelonesa-cannabiga-per-lautoconsum","tag-autentic","tag-autoconsum-de-cannabis","tag-bernat-pellisa","tag-bernat-pellissa","tag-cannabis","tag-carles-luz","tag-concurs-de-creditors","tag-corts-de-cadis","tag-demarcacio-de-tarragona","tag-do-terra-alta","tag-escola-agraria-de-gandesa","tag-ferran-vii","tag-fresc","tag-gandesa","tag-hora-14","tag-horta-de-sant-joan","tag-joaquim-ferras","tag-lautentic","tag-laia-domenech","tag-pere-rovira","tag-pintura","tag-projecte-cannabic","tag-projecte-cannabic-de-rasquera","tag-puig-cavaller","tag-rasquera","tag-restauracio","tag-sergi-saladie","tag-tarragona","tag-terra-alta","tag-toni-cutrona","tag-transit","tag-tribunal-superior-de-justicia-de-catalunya","tag-tsjc","tag-vi-ajuntament-de-gandesa","tag-vi-de-gandesa","tag-victimes-mortals-transit"],"_links":{"self":[{"href":"https:\/\/www.radiomoradebre.cat\/wp\/wp-json\/wp\/v2\/posts\/25806","targetHints":{"allow":["GET"]}}],"collection":[{"href":"https:\/\/www.radiomoradebre.cat\/wp\/wp-json\/wp\/v2\/posts"}],"about":[{"href":"https:\/\/www.radiomoradebre.cat\/wp\/wp-json\/wp\/v2\/types\/post"}],"author":[{"embeddable":true,"href":"https:\/\/www.radiomoradebre.cat\/wp\/wp-json\/wp\/v2\/users\/3"}],"replies":[{"embeddable":true,"href":"https:\/\/www.radiomoradebre.cat\/wp\/wp-json\/wp\/v2\/comments?post=25806"}],"version-history":[{"count":1,"href":"https:\/\/www.radiomoradebre.cat\/wp\/wp-json\/wp\/v2\/posts\/25806\/revisions"}],"predecessor-version":[{"id":25807,"href":"https:\/\/www.radiomoradebre.cat\/wp\/wp-json\/wp\/v2\/posts\/25806\/revisions\/25807"}],"wp:attachment":[{"href":"https:\/\/www.radiomoradebre.cat\/wp\/wp-json\/wp\/v2\/media?parent=25806"}],"wp:term":[{"taxonomy":"category","embeddable":true,"href":"https:\/\/www.radiomoradebre.cat\/wp\/wp-json\/wp\/v2\/categories?post=25806"},{"taxonomy":"post_tag","embeddable":true,"href":"https:\/\/www.radiomoradebre.cat\/wp\/wp-json\/wp\/v2\/tags?post=25806"}],"curies":[{"name":"wp","href":"https:\/\/api.w.org\/{rel}","templated":true}]}}