
{"id":257,"date":"2013-02-19T11:33:22","date_gmt":"2013-02-19T10:33:22","guid":{"rendered":"http:\/\/radiomoradebre.cat\/wp\/?p=257"},"modified":"2013-02-19T11:33:22","modified_gmt":"2013-02-19T10:33:22","slug":"el-consell-dalcaldes-del-priorat-demana-a-foment-la-millora-del-ferm-de-la-n-420","status":"publish","type":"post","link":"https:\/\/www.radiomoradebre.cat\/wp\/2013\/02\/19\/el-consell-dalcaldes-del-priorat-demana-a-foment-la-millora-del-ferm-de-la-n-420\/","title":{"rendered":"El Consell d&#8217;Alcaldes del Priorat demana a Foment la millora del ferm de la N-420"},"content":{"rendered":"<p><em><strong>El Consell d\u2019Alcaldes del Priorat denuncia el mal estat del ferm de la carretera nacional 420 i insta a Foment a realitzar les obres de conservaci\u00f3 i millora en el tram que va de Falset a M\u00f3ra d\u2019Ebre, ja que aquesta \u00e9s la \u00fanica connexi\u00f3 entre les dos capitals de comarca.<\/strong><\/em><\/p>\n<p>El Consell d\u2019Alcaldes del Priorat ha presentat una moci\u00f3 en la que sol\u00b7licita al Ministeri de Foment la immediata realitzaci\u00f3 de les obres de conservaci\u00f3 i millora de la carretera nacional 420, en el tram de Falset a M\u00f3ra d\u2019Ebre on el ferm es troba en mal estat. Una carretera molt important per als ve\u00efns del Priorat, que l\u2019han d\u2019utilitzar per despla\u00e7ar-se fins a un dels seus hospitals de refer\u00e8ncia, el de M\u00f3ra d\u2019Ebre.<\/p>\n<p>En aquest sentit el president comarcal, C\u00e8sar L\u00f3pez, lamenta que foment no mostri cap voluntat per la millora d\u2019aquest ferm i el sorpr\u00e8n que hagi col\u00b7locat cartells senyalitzant la carretera en mal estat i obligant a reduir la velocitat:<\/p>\n<p><a href=\"http:\/\/radiomoradebre.cat\/wp\/wp-content\/uploads\/2013\/02\/CESAR-LOPEZ-19-2-N-420.mp3\">CESAR LOPEZ 19-2 N-420<\/a><\/p>\n<p>L\u2019ens comarcal del Priorat traslladar\u00e0 l\u2019acord als ajuntaments de la comarca i tamb\u00e9 ho notificar\u00e0 als consells comarcals del Baix Camp, la Ribera d\u2019Ebre i la Terra Alta, per tal que tamb\u00e9 adoptin acords sol\u00b7licitant la reparaci\u00f3 d\u2019aquesta carretera.<\/p>\n","protected":false},"excerpt":{"rendered":"<p>El Consell d\u2019Alcaldes del Priorat denuncia el mal estat del ferm de la carretera nacional 420 i insta a Foment a realitzar les obres de conservaci\u00f3 i millora en el tram que va de Falset a M\u00f3ra d\u2019Ebre, ja que &hellip; <a href=\"https:\/\/www.radiomoradebre.cat\/wp\/2013\/02\/19\/el-consell-dalcaldes-del-priorat-demana-a-foment-la-millora-del-ferm-de-la-n-420\/\">Continue reading <span class=\"meta-nav\">&rarr;<\/span><\/a><\/p>\n","protected":false},"author":3,"featured_media":0,"comment_status":"closed","ping_status":"open","sticky":false,"template":"","format":"standard","meta":{"footnotes":""},"categories":[2],"tags":[18,53,54,52,51,50,21,58,59,34,57,55,56,49],"class_list":["post-257","post","type-post","status-publish","format-standard","hentry","category-noticies","tag-cesar-lopez","tag-consell-comarcal-de-la-ribera-debre","tag-consell-comarcal-de-la-terra-alta","tag-consell-comarcal-del-baix-camp","tag-consell-comarcal-del-priorat","tag-consell-dalcaldes","tag-falset","tag-ferm","tag-foment","tag-hospital-comarcal-de-mora-debre","tag-mora-debre","tag-n-420","tag-nacional-420","tag-priorat"],"_links":{"self":[{"href":"https:\/\/www.radiomoradebre.cat\/wp\/wp-json\/wp\/v2\/posts\/257","targetHints":{"allow":["GET"]}}],"collection":[{"href":"https:\/\/www.radiomoradebre.cat\/wp\/wp-json\/wp\/v2\/posts"}],"about":[{"href":"https:\/\/www.radiomoradebre.cat\/wp\/wp-json\/wp\/v2\/types\/post"}],"author":[{"embeddable":true,"href":"https:\/\/www.radiomoradebre.cat\/wp\/wp-json\/wp\/v2\/users\/3"}],"replies":[{"embeddable":true,"href":"https:\/\/www.radiomoradebre.cat\/wp\/wp-json\/wp\/v2\/comments?post=257"}],"version-history":[{"count":1,"href":"https:\/\/www.radiomoradebre.cat\/wp\/wp-json\/wp\/v2\/posts\/257\/revisions"}],"predecessor-version":[{"id":260,"href":"https:\/\/www.radiomoradebre.cat\/wp\/wp-json\/wp\/v2\/posts\/257\/revisions\/260"}],"wp:attachment":[{"href":"https:\/\/www.radiomoradebre.cat\/wp\/wp-json\/wp\/v2\/media?parent=257"}],"wp:term":[{"taxonomy":"category","embeddable":true,"href":"https:\/\/www.radiomoradebre.cat\/wp\/wp-json\/wp\/v2\/categories?post=257"},{"taxonomy":"post_tag","embeddable":true,"href":"https:\/\/www.radiomoradebre.cat\/wp\/wp-json\/wp\/v2\/tags?post=257"}],"curies":[{"name":"wp","href":"https:\/\/api.w.org\/{rel}","templated":true}]}}