
{"id":25438,"date":"2017-01-20T14:14:57","date_gmt":"2017-01-20T13:14:57","guid":{"rendered":"http:\/\/radiomoradebre.cat\/wp\/?p=25438"},"modified":"2017-01-20T14:14:57","modified_gmt":"2017-01-20T13:14:57","slug":"avantmatx-amb-lluis-peruga-cros-escolar-priorat-20-1-17","status":"publish","type":"post","link":"https:\/\/www.radiomoradebre.cat\/wp\/2017\/01\/20\/avantmatx-amb-lluis-peruga-cros-escolar-priorat-20-1-17\/","title":{"rendered":"Avantmatx amb Llu\u00eds Peruga &#8211; Cros Escolar Priorat (20-1-17)"},"content":{"rendered":"<p>AVANTMATX. Al programa d&#8217;esports d&#8217;aquest divendres hem conversat amb en Llu\u00eds Peruga, t\u00e8cnic de la Uni\u00f3 de Consells Esportius de Catalunya, sobre el primer Cros Escolar del Priorat que es disputa aquest diumenge 22 de gener a Falset amb l&#8217;objectiu de reactivar l&#8217;activitat esportiva escolar a la comarca.<\/p>\n<p><a href=\"http:\/\/radiomoradebre.cat\/wp\/wp-content\/uploads\/2017\/01\/AVANTMATX-20-1-17-LLUIS-PERUGA-CROS-ESCOLAR-PRIORAT.mp3\">AVANTMATX 20-1-17 LLUIS PERUGA CROS ESCOLAR PRIORAT<\/a><\/p>\n<p><a href=\"http:\/\/radiomoradebre.cat\/wp\/wp-content\/uploads\/2017\/01\/cartell-cros_0.jpg\"><img loading=\"lazy\" decoding=\"async\" class=\"aligncenter size-medium wp-image-25439\" src=\"http:\/\/radiomoradebre.cat\/wp\/wp-content\/uploads\/2017\/01\/cartell-cros_0-210x300.jpg\" alt=\"cartell cros_0\" width=\"210\" height=\"300\" srcset=\"https:\/\/www.radiomoradebre.cat\/wp\/wp-content\/uploads\/2017\/01\/cartell-cros_0-210x300.jpg 210w, https:\/\/www.radiomoradebre.cat\/wp\/wp-content\/uploads\/2017\/01\/cartell-cros_0-768x1097.jpg 768w, https:\/\/www.radiomoradebre.cat\/wp\/wp-content\/uploads\/2017\/01\/cartell-cros_0-717x1024.jpg 717w\" sizes=\"auto, (max-width: 210px) 100vw, 210px\" \/><\/a><\/p>\n","protected":false},"excerpt":{"rendered":"<p>AVANTMATX. Al programa d&#8217;esports d&#8217;aquest divendres hem conversat amb en Llu\u00eds Peruga, t\u00e8cnic de la Uni\u00f3 de Consells Esportius de Catalunya, sobre el primer Cros Escolar del Priorat que es disputa aquest diumenge 22 de gener a Falset amb l&#8217;objectiu &hellip; <a href=\"https:\/\/www.radiomoradebre.cat\/wp\/2017\/01\/20\/avantmatx-amb-lluis-peruga-cros-escolar-priorat-20-1-17\/\">Continue reading <span class=\"meta-nav\">&rarr;<\/span><\/a><\/p>\n","protected":false},"author":3,"featured_media":0,"comment_status":"closed","ping_status":"open","sticky":false,"template":"","format":"standard","meta":{"footnotes":""},"categories":[12],"tags":[7414,4296,10082,10081,1368,7505,1060,21,10084,10083,10080,49,7384],"class_list":["post-25438","post","type-post","status-publish","format-standard","hentry","category-horamoradebre","tag-consell-esportiu-del-priorat","tag-cros","tag-cros-escolar","tag-cros-escolar-priorat","tag-esport","tag-esport-escolar","tag-esports","tag-falset","tag-insitut-falset","tag-institut-priorat","tag-lluis-peruga","tag-priorat","tag-unio-de-consells-esportius-de-catalunya"],"_links":{"self":[{"href":"https:\/\/www.radiomoradebre.cat\/wp\/wp-json\/wp\/v2\/posts\/25438","targetHints":{"allow":["GET"]}}],"collection":[{"href":"https:\/\/www.radiomoradebre.cat\/wp\/wp-json\/wp\/v2\/posts"}],"about":[{"href":"https:\/\/www.radiomoradebre.cat\/wp\/wp-json\/wp\/v2\/types\/post"}],"author":[{"embeddable":true,"href":"https:\/\/www.radiomoradebre.cat\/wp\/wp-json\/wp\/v2\/users\/3"}],"replies":[{"embeddable":true,"href":"https:\/\/www.radiomoradebre.cat\/wp\/wp-json\/wp\/v2\/comments?post=25438"}],"version-history":[{"count":1,"href":"https:\/\/www.radiomoradebre.cat\/wp\/wp-json\/wp\/v2\/posts\/25438\/revisions"}],"predecessor-version":[{"id":25442,"href":"https:\/\/www.radiomoradebre.cat\/wp\/wp-json\/wp\/v2\/posts\/25438\/revisions\/25442"}],"wp:attachment":[{"href":"https:\/\/www.radiomoradebre.cat\/wp\/wp-json\/wp\/v2\/media?parent=25438"}],"wp:term":[{"taxonomy":"category","embeddable":true,"href":"https:\/\/www.radiomoradebre.cat\/wp\/wp-json\/wp\/v2\/categories?post=25438"},{"taxonomy":"post_tag","embeddable":true,"href":"https:\/\/www.radiomoradebre.cat\/wp\/wp-json\/wp\/v2\/tags?post=25438"}],"curies":[{"name":"wp","href":"https:\/\/api.w.org\/{rel}","templated":true}]}}