
{"id":25137,"date":"2017-01-03T14:15:26","date_gmt":"2017-01-03T13:15:26","guid":{"rendered":"http:\/\/radiomoradebre.cat\/wp\/?p=25137"},"modified":"2017-01-03T14:15:26","modified_gmt":"2017-01-03T13:15:26","slug":"entrevista-enric-fucho-el-tortell-de-reis-3-1-2017","status":"publish","type":"post","link":"https:\/\/www.radiomoradebre.cat\/wp\/2017\/01\/03\/entrevista-enric-fucho-el-tortell-de-reis-3-1-2017\/","title":{"rendered":"Entrevista Enric Fucho &#8211; el tortell de Reis (3-1-2017)"},"content":{"rendered":"<p>HORA M\u00d3RA D&#8217;EBRE. El tortell de Reis \u00e9s el dol\u00e7 estrella de la recta final de les festes,\u00a0de diferents sabors: trufa, nata, crema&#8230; per\u00f2 sempre amb el rei la fava ben amagats. De tot plegat n&#8217;hem parlat avui amb Enric Fucho de la Pastisseria Fucho de M\u00f3ra d&#8217;Ebre.<\/p>\n<p><a href=\"http:\/\/radiomoradebre.cat\/wp\/wp-content\/uploads\/2017\/01\/ENTREVISTA-ENRIC-FUCHO-3-1-17-TORTELL-DE-REIS.mp3\">ENTREVISTA ENRIC FUCHO 3-1-17 TORTELL DE REIS<\/a><\/p>\n<p><a href=\"http:\/\/radiomoradebre.cat\/wp\/wp-content\/uploads\/2017\/01\/IMG_2351-e1483449267683.jpg\"><img loading=\"lazy\" decoding=\"async\" class=\"aligncenter size-medium wp-image-25138\" src=\"http:\/\/radiomoradebre.cat\/wp\/wp-content\/uploads\/2017\/01\/IMG_2351-e1483449267683-300x225.jpg\" alt=\"img_2351\" width=\"300\" height=\"225\" srcset=\"https:\/\/www.radiomoradebre.cat\/wp\/wp-content\/uploads\/2017\/01\/IMG_2351-e1483449267683-300x225.jpg 300w, https:\/\/www.radiomoradebre.cat\/wp\/wp-content\/uploads\/2017\/01\/IMG_2351-e1483449267683-768x576.jpg 768w, https:\/\/www.radiomoradebre.cat\/wp\/wp-content\/uploads\/2017\/01\/IMG_2351-e1483449267683-1024x768.jpg 1024w\" sizes=\"auto, (max-width: 300px) 100vw, 300px\" \/><\/a><\/p>\n","protected":false},"excerpt":{"rendered":"<p>HORA M\u00d3RA D&#8217;EBRE. El tortell de Reis \u00e9s el dol\u00e7 estrella de la recta final de les festes,\u00a0de diferents sabors: trufa, nata, crema&#8230; per\u00f2 sempre amb el rei la fava ben amagats. De tot plegat n&#8217;hem parlat avui amb Enric &hellip; <a href=\"https:\/\/www.radiomoradebre.cat\/wp\/2017\/01\/03\/entrevista-enric-fucho-el-tortell-de-reis-3-1-2017\/\">Continue reading <span class=\"meta-nav\">&rarr;<\/span><\/a><\/p>\n","protected":false},"author":3,"featured_media":0,"comment_status":"closed","ping_status":"open","sticky":false,"template":"","format":"standard","meta":{"footnotes":""},"categories":[12],"tags":[9656,9657,2464,9829,2428,57,9828,3250,6159,3963,2466,9659],"class_list":["post-25137","post","type-post","status-publish","format-standard","hentry","category-horamoradebre","tag-dolcos","tag-dolcos-de-nadal","tag-enric-fucho","tag-fava","tag-fucho","tag-mora-debre","tag-pastisseria-fucho","tag-rei","tag-reis-mags","tag-torrons","tag-tortell","tag-tortell-de-reis"],"_links":{"self":[{"href":"https:\/\/www.radiomoradebre.cat\/wp\/wp-json\/wp\/v2\/posts\/25137","targetHints":{"allow":["GET"]}}],"collection":[{"href":"https:\/\/www.radiomoradebre.cat\/wp\/wp-json\/wp\/v2\/posts"}],"about":[{"href":"https:\/\/www.radiomoradebre.cat\/wp\/wp-json\/wp\/v2\/types\/post"}],"author":[{"embeddable":true,"href":"https:\/\/www.radiomoradebre.cat\/wp\/wp-json\/wp\/v2\/users\/3"}],"replies":[{"embeddable":true,"href":"https:\/\/www.radiomoradebre.cat\/wp\/wp-json\/wp\/v2\/comments?post=25137"}],"version-history":[{"count":1,"href":"https:\/\/www.radiomoradebre.cat\/wp\/wp-json\/wp\/v2\/posts\/25137\/revisions"}],"predecessor-version":[{"id":25139,"href":"https:\/\/www.radiomoradebre.cat\/wp\/wp-json\/wp\/v2\/posts\/25137\/revisions\/25139"}],"wp:attachment":[{"href":"https:\/\/www.radiomoradebre.cat\/wp\/wp-json\/wp\/v2\/media?parent=25137"}],"wp:term":[{"taxonomy":"category","embeddable":true,"href":"https:\/\/www.radiomoradebre.cat\/wp\/wp-json\/wp\/v2\/categories?post=25137"},{"taxonomy":"post_tag","embeddable":true,"href":"https:\/\/www.radiomoradebre.cat\/wp\/wp-json\/wp\/v2\/tags?post=25137"}],"curies":[{"name":"wp","href":"https:\/\/api.w.org\/{rel}","templated":true}]}}