
{"id":25069,"date":"2016-12-27T14:31:33","date_gmt":"2016-12-27T13:31:33","guid":{"rendered":"http:\/\/radiomoradebre.cat\/wp\/?p=25069"},"modified":"2016-12-27T14:31:33","modified_gmt":"2016-12-27T13:31:33","slug":"entrevista-rosa-pere-i-albert-lleberia","status":"publish","type":"post","link":"https:\/\/www.radiomoradebre.cat\/wp\/2016\/12\/27\/entrevista-rosa-pere-i-albert-lleberia\/","title":{"rendered":"Entrevista Rosa Pere i Albert Lleberia"},"content":{"rendered":"<p><em><strong>Al programa d&#8217;avui hem rebut la visita de la directora de l&#8217;Escola d&#8217;Art i disseny de M\u00f3ra la Nova, Rosa Pera, i del cap d&#8217;estudis Albert Llaberia. Amb ells hem parlat de tota l&#8217;actualitat de l&#8217;escola i tamb\u00e9 del pessebre que han elaborat els alumnes del centre. A m\u00e9s, en preparen un de grossa amb el projecte art\u00edstic conjunt del 2017!<\/strong><\/em><\/p>\n<p><a href=\"http:\/\/radiomoradebre.cat\/wp\/wp-content\/uploads\/2016\/12\/Entrevista-27-12-16-escola-dart.mp3\">entrevista-27-12-16-escola-dart<\/a><\/p>\n<p><a href=\"http:\/\/radiomoradebre.cat\/wp\/wp-content\/uploads\/2016\/12\/IMG_20161227_133455.jpg\"><img loading=\"lazy\" decoding=\"async\" class=\"aligncenter size-medium wp-image-25071\" src=\"http:\/\/radiomoradebre.cat\/wp\/wp-content\/uploads\/2016\/12\/IMG_20161227_133455-300x225.jpg\" alt=\"img_20161227_133455\" width=\"300\" height=\"225\" srcset=\"https:\/\/www.radiomoradebre.cat\/wp\/wp-content\/uploads\/2016\/12\/IMG_20161227_133455-300x225.jpg 300w, https:\/\/www.radiomoradebre.cat\/wp\/wp-content\/uploads\/2016\/12\/IMG_20161227_133455-768x576.jpg 768w, https:\/\/www.radiomoradebre.cat\/wp\/wp-content\/uploads\/2016\/12\/IMG_20161227_133455-1024x768.jpg 1024w\" sizes=\"auto, (max-width: 300px) 100vw, 300px\" \/><\/a><\/p>\n","protected":false},"excerpt":{"rendered":"<p>Al programa d&#8217;avui hem rebut la visita de la directora de l&#8217;Escola d&#8217;Art i disseny de M\u00f3ra la Nova, Rosa Pera, i del cap d&#8217;estudis Albert Llaberia. Amb ells hem parlat de tota l&#8217;actualitat de l&#8217;escola i tamb\u00e9 del pessebre &hellip; <a href=\"https:\/\/www.radiomoradebre.cat\/wp\/2016\/12\/27\/entrevista-rosa-pere-i-albert-lleberia\/\">Continue reading <span class=\"meta-nav\">&rarr;<\/span><\/a><\/p>\n","protected":false},"author":3,"featured_media":0,"comment_status":"closed","ping_status":"open","sticky":false,"template":"","format":"standard","meta":{"footnotes":""},"categories":[2],"tags":[3220,1514,988,3167,518,83,2425,9782],"class_list":["post-25069","post","type-post","status-publish","format-standard","hentry","category-noticies","tag-albert-lleberia","tag-art","tag-escola","tag-escola-darts-i-disseny-de-mora-la-nova","tag-formacio","tag-mora-la-nova","tag-pessebre","tag-rosa-pere"],"_links":{"self":[{"href":"https:\/\/www.radiomoradebre.cat\/wp\/wp-json\/wp\/v2\/posts\/25069","targetHints":{"allow":["GET"]}}],"collection":[{"href":"https:\/\/www.radiomoradebre.cat\/wp\/wp-json\/wp\/v2\/posts"}],"about":[{"href":"https:\/\/www.radiomoradebre.cat\/wp\/wp-json\/wp\/v2\/types\/post"}],"author":[{"embeddable":true,"href":"https:\/\/www.radiomoradebre.cat\/wp\/wp-json\/wp\/v2\/users\/3"}],"replies":[{"embeddable":true,"href":"https:\/\/www.radiomoradebre.cat\/wp\/wp-json\/wp\/v2\/comments?post=25069"}],"version-history":[{"count":1,"href":"https:\/\/www.radiomoradebre.cat\/wp\/wp-json\/wp\/v2\/posts\/25069\/revisions"}],"predecessor-version":[{"id":25072,"href":"https:\/\/www.radiomoradebre.cat\/wp\/wp-json\/wp\/v2\/posts\/25069\/revisions\/25072"}],"wp:attachment":[{"href":"https:\/\/www.radiomoradebre.cat\/wp\/wp-json\/wp\/v2\/media?parent=25069"}],"wp:term":[{"taxonomy":"category","embeddable":true,"href":"https:\/\/www.radiomoradebre.cat\/wp\/wp-json\/wp\/v2\/categories?post=25069"},{"taxonomy":"post_tag","embeddable":true,"href":"https:\/\/www.radiomoradebre.cat\/wp\/wp-json\/wp\/v2\/tags?post=25069"}],"curies":[{"name":"wp","href":"https:\/\/api.w.org\/{rel}","templated":true}]}}