
{"id":24714,"date":"2016-11-22T18:58:11","date_gmt":"2016-11-22T17:58:11","guid":{"rendered":"http:\/\/radiomoradebre.cat\/wp\/?p=24714"},"modified":"2016-11-22T18:58:11","modified_gmt":"2016-11-22T17:58:11","slug":"gandesa-i-serrano-suner","status":"publish","type":"post","link":"https:\/\/www.radiomoradebre.cat\/wp\/2016\/11\/22\/gandesa-i-serrano-suner\/","title":{"rendered":"Gandesa i Serrano Su\u00f1er"},"content":{"rendered":"<p><em><strong>La hist\u00f2ria del ministre franquista Ramon Serrano Su\u00f1er i les seves relacions amoroses protagonitzaran el nou serial de televisi\u00f3 \u2018Lo que esconden sus ojos\u2019, que s\u2019emet en tres cap\u00edtols. El primer, aquesta nit, per Telecinco.<\/strong><\/em><\/p>\n<p><em><strong>Serrano Su\u00f1er, va ser cunyat del general Franco, era fill d\u2019un tiviss\u00e0 i una gandesana, i durant tota la seva vida va estar relacionat amb la capital de la Terra Alta. El cronista de Gandesa, Anton Monner, ha destacat en declaracions a R\u00e0dio M\u00f3ra d\u2019Ebre que Serrano Su\u00f1er, despr\u00e9s d\u2019haver estat ministre d\u2019exteriors i de governaci\u00f3\u00a0durant la dictadura, volia obrir un arxiu personal i un museu a la capital a Gandesa, per\u00f2 va topar amb un entrebanc\u2026 tamb\u00e9 amor\u00f3s.<\/strong><\/em><\/p>\n<p>ANDREU PRUNERA<\/p>\n<p><a href=\"http:\/\/radiomoradebre.cat\/wp\/wp-content\/uploads\/2016\/11\/CRO-22-11-16-serrano-su\u00f1er.mp3\">cro-22-11-16-serrano-suner<\/a><\/p>\n<p><a href=\"http:\/\/radiomoradebre.cat\/wp\/wp-content\/uploads\/2016\/11\/serrano-su\u00f1er.jpg\"><img loading=\"lazy\" decoding=\"async\" class=\"size-medium wp-image-24716\" src=\"http:\/\/radiomoradebre.cat\/wp\/wp-content\/uploads\/2016\/11\/serrano-su\u00f1er-300x204.jpg\" alt=\"Span. Innnenminister besichtigt die Kaserne der SS in Lichterfelde; Serano Suner (2. v. links); SS Obergrf. Wolff; Span. General Morcardo; Verteidiger Alcazar; Daluege; Himmler\" width=\"300\" height=\"204\" srcset=\"https:\/\/www.radiomoradebre.cat\/wp\/wp-content\/uploads\/2016\/11\/serrano-su\u00f1er-300x204.jpg 300w, https:\/\/www.radiomoradebre.cat\/wp\/wp-content\/uploads\/2016\/11\/serrano-su\u00f1er-768x522.jpg 768w, https:\/\/www.radiomoradebre.cat\/wp\/wp-content\/uploads\/2016\/11\/serrano-su\u00f1er.jpg 800w\" sizes=\"auto, (max-width: 300px) 100vw, 300px\" \/><\/a><\/p>\n","protected":false},"excerpt":{"rendered":"<p>La hist\u00f2ria del ministre franquista Ramon Serrano Su\u00f1er i les seves relacions amoroses protagonitzaran el nou serial de televisi\u00f3 \u2018Lo que esconden sus ojos\u2019, que s\u2019emet en tres cap\u00edtols. El primer, aquesta nit, per Telecinco. Serrano Su\u00f1er, va ser cunyat &hellip; <a href=\"https:\/\/www.radiomoradebre.cat\/wp\/2016\/11\/22\/gandesa-i-serrano-suner\/\">Continue reading <span class=\"meta-nav\">&rarr;<\/span><\/a><\/p>\n","protected":false},"author":3,"featured_media":0,"comment_status":"closed","ping_status":"open","sticky":false,"template":"","format":"standard","meta":{"footnotes":""},"categories":[2],"tags":[8754,9392,3503,197,9386,6421,9387,9389,1927],"class_list":["post-24714","post","type-post","status-publish","format-standard","hentry","category-noticies","tag-anton-monner","tag-feixisme","tag-franquisme","tag-gandesa","tag-ramon-serrano-suner","tag-series","tag-serrano-suner","tag-telecinco","tag-televisio"],"_links":{"self":[{"href":"https:\/\/www.radiomoradebre.cat\/wp\/wp-json\/wp\/v2\/posts\/24714","targetHints":{"allow":["GET"]}}],"collection":[{"href":"https:\/\/www.radiomoradebre.cat\/wp\/wp-json\/wp\/v2\/posts"}],"about":[{"href":"https:\/\/www.radiomoradebre.cat\/wp\/wp-json\/wp\/v2\/types\/post"}],"author":[{"embeddable":true,"href":"https:\/\/www.radiomoradebre.cat\/wp\/wp-json\/wp\/v2\/users\/3"}],"replies":[{"embeddable":true,"href":"https:\/\/www.radiomoradebre.cat\/wp\/wp-json\/wp\/v2\/comments?post=24714"}],"version-history":[{"count":1,"href":"https:\/\/www.radiomoradebre.cat\/wp\/wp-json\/wp\/v2\/posts\/24714\/revisions"}],"predecessor-version":[{"id":24717,"href":"https:\/\/www.radiomoradebre.cat\/wp\/wp-json\/wp\/v2\/posts\/24714\/revisions\/24717"}],"wp:attachment":[{"href":"https:\/\/www.radiomoradebre.cat\/wp\/wp-json\/wp\/v2\/media?parent=24714"}],"wp:term":[{"taxonomy":"category","embeddable":true,"href":"https:\/\/www.radiomoradebre.cat\/wp\/wp-json\/wp\/v2\/categories?post=24714"},{"taxonomy":"post_tag","embeddable":true,"href":"https:\/\/www.radiomoradebre.cat\/wp\/wp-json\/wp\/v2\/tags?post=24714"}],"curies":[{"name":"wp","href":"https:\/\/api.w.org\/{rel}","templated":true}]}}