
{"id":24683,"date":"2016-11-22T13:33:37","date_gmt":"2016-11-22T12:33:37","guid":{"rendered":"http:\/\/radiomoradebre.cat\/wp\/?p=24683"},"modified":"2016-11-22T13:33:37","modified_gmt":"2016-11-22T12:33:37","slug":"lolimpic-de-mora-debre-es-presenta-davant-de-laficio","status":"publish","type":"post","link":"https:\/\/www.radiomoradebre.cat\/wp\/2016\/11\/22\/lolimpic-de-mora-debre-es-presenta-davant-de-laficio\/","title":{"rendered":"L&#8217;Ol\u00edmpic de M\u00f3ra d&#8217;Ebre es presenta davant de l&#8217;afici\u00f3"},"content":{"rendered":"<p><em><strong>L\u2019Ol\u00edmpic de M\u00f3ra d\u2019Ebre va celebrar aquest diumenge la presentaci\u00f3 de tots els seus equips. Un cententar de nens, de deu plantilles diferents, es van presentar a l\u2019afici\u00f3 damunt del terreny de joc, abans de que es disput\u00e9s el partit de Tercera Catalana de l\u2019equip amateur.<\/strong><\/em><\/p>\n<p><em><strong>Un partit que va acabar amb victoria de l\u2019Ol\u00edmpic per 1 a 0 davant del Remolins B\u00edtem i que fa pujar als morencs fins la sisena posici\u00f3, empatats amb els tercers. L\u2019entrenador, Paco Mu\u00f1oz, assegura que l\u2019afecta de l\u2019afici\u00f3 \u00e9s fonamental per aconseguir bons resultats.<\/strong><\/em><\/p>\n<p>ANDREU PRUNERA<\/p>\n<p><a href=\"http:\/\/radiomoradebre.cat\/wp\/wp-content\/uploads\/2016\/11\/CRO-21-11-16-presentacio-olimpic.mp3\">cro-21-11-16-presentacio-olimpic<\/a><\/p>\n<p><a href=\"http:\/\/radiomoradebre.cat\/wp\/wp-content\/uploads\/2016\/11\/Olmpic-de-mora-debre.jpg\"><img loading=\"lazy\" decoding=\"async\" class=\"aligncenter size-medium wp-image-24685\" src=\"http:\/\/radiomoradebre.cat\/wp\/wp-content\/uploads\/2016\/11\/Olmpic-de-mora-debre-300x199.jpg\" alt=\"olmpic-de-mora-debre\" width=\"300\" height=\"199\" srcset=\"https:\/\/www.radiomoradebre.cat\/wp\/wp-content\/uploads\/2016\/11\/Olmpic-de-mora-debre-300x199.jpg 300w, https:\/\/www.radiomoradebre.cat\/wp\/wp-content\/uploads\/2016\/11\/Olmpic-de-mora-debre-768x510.jpg 768w, https:\/\/www.radiomoradebre.cat\/wp\/wp-content\/uploads\/2016\/11\/Olmpic-de-mora-debre.jpg 960w\" sizes=\"auto, (max-width: 300px) 100vw, 300px\" \/><\/a><\/p>\n","protected":false},"excerpt":{"rendered":"<p>L\u2019Ol\u00edmpic de M\u00f3ra d\u2019Ebre va celebrar aquest diumenge la presentaci\u00f3 de tots els seus equips. Un cententar de nens, de deu plantilles diferents, es van presentar a l\u2019afici\u00f3 damunt del terreny de joc, abans de que es disput\u00e9s el partit &hellip; <a href=\"https:\/\/www.radiomoradebre.cat\/wp\/2016\/11\/22\/lolimpic-de-mora-debre-es-presenta-davant-de-laficio\/\">Continue reading <span class=\"meta-nav\">&rarr;<\/span><\/a><\/p>\n","protected":false},"author":3,"featured_media":0,"comment_status":"closed","ping_status":"open","sticky":false,"template":"","format":"standard","meta":{"footnotes":""},"categories":[2],"tags":[9368,1368,1060,1265,4932,57,4626,1167],"class_list":["post-24683","post","type-post","status-publish","format-standard","hentry","category-noticies","tag-club-esportiu-olimpic-de-mora-debre","tag-esport","tag-esports","tag-futbol","tag-futbol-base","tag-mora-debre","tag-olimpic-de-mora-debre","tag-presentacio"],"_links":{"self":[{"href":"https:\/\/www.radiomoradebre.cat\/wp\/wp-json\/wp\/v2\/posts\/24683","targetHints":{"allow":["GET"]}}],"collection":[{"href":"https:\/\/www.radiomoradebre.cat\/wp\/wp-json\/wp\/v2\/posts"}],"about":[{"href":"https:\/\/www.radiomoradebre.cat\/wp\/wp-json\/wp\/v2\/types\/post"}],"author":[{"embeddable":true,"href":"https:\/\/www.radiomoradebre.cat\/wp\/wp-json\/wp\/v2\/users\/3"}],"replies":[{"embeddable":true,"href":"https:\/\/www.radiomoradebre.cat\/wp\/wp-json\/wp\/v2\/comments?post=24683"}],"version-history":[{"count":1,"href":"https:\/\/www.radiomoradebre.cat\/wp\/wp-json\/wp\/v2\/posts\/24683\/revisions"}],"predecessor-version":[{"id":24686,"href":"https:\/\/www.radiomoradebre.cat\/wp\/wp-json\/wp\/v2\/posts\/24683\/revisions\/24686"}],"wp:attachment":[{"href":"https:\/\/www.radiomoradebre.cat\/wp\/wp-json\/wp\/v2\/media?parent=24683"}],"wp:term":[{"taxonomy":"category","embeddable":true,"href":"https:\/\/www.radiomoradebre.cat\/wp\/wp-json\/wp\/v2\/categories?post=24683"},{"taxonomy":"post_tag","embeddable":true,"href":"https:\/\/www.radiomoradebre.cat\/wp\/wp-json\/wp\/v2\/tags?post=24683"}],"curies":[{"name":"wp","href":"https:\/\/api.w.org\/{rel}","templated":true}]}}