
{"id":24665,"date":"2016-11-21T14:40:57","date_gmt":"2016-11-21T13:40:57","guid":{"rendered":"http:\/\/radiomoradebre.cat\/wp\/?p=24665"},"modified":"2016-11-21T14:40:57","modified_gmt":"2016-11-21T13:40:57","slug":"entrevista-isabel-i-fernando-santa-cecilia-21-11-16","status":"publish","type":"post","link":"https:\/\/www.radiomoradebre.cat\/wp\/2016\/11\/21\/entrevista-isabel-i-fernando-santa-cecilia-21-11-16\/","title":{"rendered":"Entrevista Isabel i Fernando &#8211; Santa Cec\u00edlia (21-11-16)"},"content":{"rendered":"<p>HORA M\u00d3RA D&#8217;EBRE. El dimarts 22 de novembre \u00e9s Santa Cec\u00edlia, patrona dels m\u00fasics, i des de l&#8217;Escola Municipal de M\u00fasica i Dansa de M\u00f3ra d&#8217;Ebre i la Societat Ateneu Musical ens han preparat tot un programa d&#8217;activitats per gaudir d&#8217;aquesta festa al llarg de tota la setmana. Al programa d&#8217;avui ens ho han explicat Isabel Ca\u00f1as i Fernando Caminals.<\/p>\n<p><a href=\"http:\/\/radiomoradebre.cat\/wp\/wp-content\/uploads\/2016\/11\/ENTREVISTA-FERNANDO-I-ISABEL-21-11-16-STA-CECILIA.mp3\">ENTREVISTA FERNANDO I ISABEL 21-11-16 STA CECILIA<\/a><\/p>\n<p><a href=\"http:\/\/radiomoradebre.cat\/wp\/wp-content\/uploads\/2016\/11\/IMG_8950.jpg\"><img loading=\"lazy\" decoding=\"async\" class=\"aligncenter size-medium wp-image-24666\" src=\"http:\/\/radiomoradebre.cat\/wp\/wp-content\/uploads\/2016\/11\/IMG_8950-300x225.jpg\" alt=\"img_8950\" width=\"300\" height=\"225\" srcset=\"https:\/\/www.radiomoradebre.cat\/wp\/wp-content\/uploads\/2016\/11\/IMG_8950-300x225.jpg 300w, https:\/\/www.radiomoradebre.cat\/wp\/wp-content\/uploads\/2016\/11\/IMG_8950-768x576.jpg 768w, https:\/\/www.radiomoradebre.cat\/wp\/wp-content\/uploads\/2016\/11\/IMG_8950-1024x768.jpg 1024w\" sizes=\"auto, (max-width: 300px) 100vw, 300px\" \/><\/a><\/p>\n","protected":false},"excerpt":{"rendered":"<p>HORA M\u00d3RA D&#8217;EBRE. El dimarts 22 de novembre \u00e9s Santa Cec\u00edlia, patrona dels m\u00fasics, i des de l&#8217;Escola Municipal de M\u00fasica i Dansa de M\u00f3ra d&#8217;Ebre i la Societat Ateneu Musical ens han preparat tot un programa d&#8217;activitats per gaudir &hellip; <a href=\"https:\/\/www.radiomoradebre.cat\/wp\/2016\/11\/21\/entrevista-isabel-i-fernando-santa-cecilia-21-11-16\/\">Continue reading <span class=\"meta-nav\">&rarr;<\/span><\/a><\/p>\n","protected":false},"author":3,"featured_media":0,"comment_status":"closed","ping_status":"open","sticky":false,"template":"","format":"standard","meta":{"footnotes":""},"categories":[12],"tags":[9360,9358,9361,970,9359,5909,2949,4395,57,971,7119,9356,7120,5907,9357],"class_list":["post-24665","post","type-post","status-publish","format-standard","hentry","category-horamoradebre","tag-anais-passanau","tag-audicio","tag-clarinet","tag-concert","tag-concert-anais-passanau-i-albert-colome","tag-escola-municipal-de-musica-i-dansa-de-mora-debre","tag-fernando-caminals","tag-isabel-canas","tag-mora-debre","tag-musica","tag-musics","tag-patrona-dels-musics","tag-piano","tag-santa-cecilia","tag-societat-ateneu-musical-mora-debre"],"_links":{"self":[{"href":"https:\/\/www.radiomoradebre.cat\/wp\/wp-json\/wp\/v2\/posts\/24665","targetHints":{"allow":["GET"]}}],"collection":[{"href":"https:\/\/www.radiomoradebre.cat\/wp\/wp-json\/wp\/v2\/posts"}],"about":[{"href":"https:\/\/www.radiomoradebre.cat\/wp\/wp-json\/wp\/v2\/types\/post"}],"author":[{"embeddable":true,"href":"https:\/\/www.radiomoradebre.cat\/wp\/wp-json\/wp\/v2\/users\/3"}],"replies":[{"embeddable":true,"href":"https:\/\/www.radiomoradebre.cat\/wp\/wp-json\/wp\/v2\/comments?post=24665"}],"version-history":[{"count":1,"href":"https:\/\/www.radiomoradebre.cat\/wp\/wp-json\/wp\/v2\/posts\/24665\/revisions"}],"predecessor-version":[{"id":24667,"href":"https:\/\/www.radiomoradebre.cat\/wp\/wp-json\/wp\/v2\/posts\/24665\/revisions\/24667"}],"wp:attachment":[{"href":"https:\/\/www.radiomoradebre.cat\/wp\/wp-json\/wp\/v2\/media?parent=24665"}],"wp:term":[{"taxonomy":"category","embeddable":true,"href":"https:\/\/www.radiomoradebre.cat\/wp\/wp-json\/wp\/v2\/categories?post=24665"},{"taxonomy":"post_tag","embeddable":true,"href":"https:\/\/www.radiomoradebre.cat\/wp\/wp-json\/wp\/v2\/tags?post=24665"}],"curies":[{"name":"wp","href":"https:\/\/api.w.org\/{rel}","templated":true}]}}