
{"id":24611,"date":"2016-11-16T13:20:59","date_gmt":"2016-11-16T12:20:59","guid":{"rendered":"http:\/\/radiomoradebre.cat\/wp\/?p=24611"},"modified":"2016-11-16T13:20:59","modified_gmt":"2016-11-16T12:20:59","slug":"breus-5","status":"publish","type":"post","link":"https:\/\/www.radiomoradebre.cat\/wp\/2016\/11\/16\/breus-5\/","title":{"rendered":"Breus"},"content":{"rendered":"<p><em><strong>El Departament de Territori i Sostenibilitat ha iniciat obres de millora a les carreteres T-300 i T-363 a Mar\u00e7\u00e0 , per un import de 390.000 euros<\/strong>. <strong>Aquests treballs, que tindran una durada de quatre mesos, consistiran en la renovaci\u00f3 del ferm, la formaci\u00f3 de cunetes i la col\u00b7locaci\u00f3 de noves barreres de seguretat. Les dues vies on s\u2019actua comuniquen Mar\u00e7\u00e0 amb l\u2019N-420, la via que connecta cap a Falset i Gandesa.<\/strong><\/em><\/p>\n<p><em><strong>M\u00e9s de 200 tortugues han estat alliberades aquesta setmana al parc natural del Montsant, al Priorat, per un programa de reintroducci\u00f3<\/strong> <strong>d\u2019aquesta esp\u00e8cie, que es troba amena\u00e7ada<\/strong>.\u00a0\u00a0<\/em><\/p>\n<p><em><strong>L\u2019arxiu comarcal de la Ribera d\u2019Ebre ha finalitzat la digitalitzaci\u00f3 de l\u2019arxiu fotogr\u00e0fic del tiviss\u00e0 Llu\u00eds Brull i ja es pot consultar per Internet. Es tracta d\u2019unes 200 fotos, la majoria preses a Tivissa a la primera meitat del segle XX.<\/strong><\/em><\/p>\n<p>ANDREU PRUNERA<\/p>\n<p><a href=\"http:\/\/radiomoradebre.cat\/wp\/wp-content\/uploads\/2016\/11\/CRO-16-11-16-breus.mp3\">cro-16-11-16-breus<\/a><\/p>\n<p><a href=\"http:\/\/radiomoradebre.cat\/wp\/wp-content\/uploads\/2016\/11\/tortuga.jpg\"><img loading=\"lazy\" decoding=\"async\" class=\"size-medium wp-image-24613\" src=\"http:\/\/radiomoradebre.cat\/wp\/wp-content\/uploads\/2016\/11\/tortuga-300x201.jpg\" alt=\"????????????????????????????????????\" width=\"300\" height=\"201\" srcset=\"https:\/\/www.radiomoradebre.cat\/wp\/wp-content\/uploads\/2016\/11\/tortuga-300x201.jpg 300w, https:\/\/www.radiomoradebre.cat\/wp\/wp-content\/uploads\/2016\/11\/tortuga.jpg 350w\" sizes=\"auto, (max-width: 300px) 100vw, 300px\" \/><\/a><\/p>\n","protected":false},"excerpt":{"rendered":"<p>El Departament de Territori i Sostenibilitat ha iniciat obres de millora a les carreteres T-300 i T-363 a Mar\u00e7\u00e0 , per un import de 390.000 euros. Aquests treballs, que tindran una durada de quatre mesos, consistiran en la renovaci\u00f3 del &hellip; <a href=\"https:\/\/www.radiomoradebre.cat\/wp\/2016\/11\/16\/breus-5\/\">Continue reading <span class=\"meta-nav\">&rarr;<\/span><\/a><\/p>\n","protected":false},"author":3,"featured_media":0,"comment_status":"closed","ping_status":"open","sticky":false,"template":"","format":"standard","meta":{"footnotes":""},"categories":[2],"tags":[5604,170,1042,231,3228,2230,680,1056,911,1430,49,942,96,329,7412,7919],"class_list":["post-24611","post","type-post","status-publish","format-standard","hentry","category-noticies","tag-acre","tag-arxiu-comarcal-de-la-ribera-debre","tag-carmel-biarnes","tag-carretera","tag-fauna","tag-lluis-brull-cedo","tag-marca","tag-montsant","tag-natura","tag-parc-natural-del-montsant","tag-priorat","tag-reintroduccio","tag-ribera-debre","tag-tivissa","tag-tortuga","tag-tortuga-mediterrania"],"_links":{"self":[{"href":"https:\/\/www.radiomoradebre.cat\/wp\/wp-json\/wp\/v2\/posts\/24611","targetHints":{"allow":["GET"]}}],"collection":[{"href":"https:\/\/www.radiomoradebre.cat\/wp\/wp-json\/wp\/v2\/posts"}],"about":[{"href":"https:\/\/www.radiomoradebre.cat\/wp\/wp-json\/wp\/v2\/types\/post"}],"author":[{"embeddable":true,"href":"https:\/\/www.radiomoradebre.cat\/wp\/wp-json\/wp\/v2\/users\/3"}],"replies":[{"embeddable":true,"href":"https:\/\/www.radiomoradebre.cat\/wp\/wp-json\/wp\/v2\/comments?post=24611"}],"version-history":[{"count":1,"href":"https:\/\/www.radiomoradebre.cat\/wp\/wp-json\/wp\/v2\/posts\/24611\/revisions"}],"predecessor-version":[{"id":24614,"href":"https:\/\/www.radiomoradebre.cat\/wp\/wp-json\/wp\/v2\/posts\/24611\/revisions\/24614"}],"wp:attachment":[{"href":"https:\/\/www.radiomoradebre.cat\/wp\/wp-json\/wp\/v2\/media?parent=24611"}],"wp:term":[{"taxonomy":"category","embeddable":true,"href":"https:\/\/www.radiomoradebre.cat\/wp\/wp-json\/wp\/v2\/categories?post=24611"},{"taxonomy":"post_tag","embeddable":true,"href":"https:\/\/www.radiomoradebre.cat\/wp\/wp-json\/wp\/v2\/tags?post=24611"}],"curies":[{"name":"wp","href":"https:\/\/api.w.org\/{rel}","templated":true}]}}