
{"id":24579,"date":"2016-11-14T15:23:09","date_gmt":"2016-11-14T14:23:09","guid":{"rendered":"http:\/\/radiomoradebre.cat\/wp\/?p=24579"},"modified":"2016-11-14T15:23:09","modified_gmt":"2016-11-14T14:23:09","slug":"receptes-per-al-benestar-el-bullying-14-11-16","status":"publish","type":"post","link":"https:\/\/www.radiomoradebre.cat\/wp\/2016\/11\/14\/receptes-per-al-benestar-el-bullying-14-11-16\/","title":{"rendered":"Receptes per al benestar &#8211; el bullying (14-11-16)"},"content":{"rendered":"<p>RECEPTES PER AL BENESTAR. Al programa d&#8217;aquesta setmana amb la psic\u00f2loga Rosa Barcel\u00f3 hem abordat un problema que malauradament est\u00e0 a l&#8217;ordre del dia tot i que continua sent un tema tab\u00fa i amb poques solucions, el bullying o assetjament escolar. I ho hem fet a partir de la novel\u00b7la &#8220;La R\u00e0bia&#8221; de Lolita Bosch.<\/p>\n<p><a href=\"http:\/\/radiomoradebre.cat\/wp\/wp-content\/uploads\/2016\/11\/RECEPTES-BENESTAR-14-11-16-BULLING.mp3\">RECEPTES BENESTAR 14&#8211;11-16 BULLING<\/a><\/p>\n<p><a href=\"http:\/\/radiomoradebre.cat\/wp\/wp-content\/uploads\/2015\/09\/IMG_2485.jpg\"><img loading=\"lazy\" decoding=\"async\" class=\"aligncenter size-medium wp-image-17690\" src=\"http:\/\/radiomoradebre.cat\/wp\/wp-content\/uploads\/2015\/09\/IMG_2485-225x300.jpg\" alt=\"ROSA BARCEL\u00d3 OCT 2015\" width=\"225\" height=\"300\" srcset=\"https:\/\/www.radiomoradebre.cat\/wp\/wp-content\/uploads\/2015\/09\/IMG_2485-225x300.jpg 225w, https:\/\/www.radiomoradebre.cat\/wp\/wp-content\/uploads\/2015\/09\/IMG_2485-768x1024.jpg 768w\" sizes=\"auto, (max-width: 225px) 100vw, 225px\" \/><\/a><\/p>\n","protected":false},"excerpt":{"rendered":"<p>RECEPTES PER AL BENESTAR. Al programa d&#8217;aquesta setmana amb la psic\u00f2loga Rosa Barcel\u00f3 hem abordat un problema que malauradament est\u00e0 a l&#8217;ordre del dia tot i que continua sent un tema tab\u00fa i amb poques solucions, el bullying o assetjament &hellip; <a href=\"https:\/\/www.radiomoradebre.cat\/wp\/2016\/11\/14\/receptes-per-al-benestar-el-bullying-14-11-16\/\">Continue reading <span class=\"meta-nav\">&rarr;<\/span><\/a><\/p>\n","protected":false},"author":3,"featured_media":0,"comment_status":"closed","ping_status":"open","sticky":false,"template":"","format":"standard","meta":{"footnotes":""},"categories":[12],"tags":[4291,8902,8791,2260,9258,4439,9259,8896,8897,2668,3787,6699,6984,3783,2665],"class_list":["post-24579","post","type-post","status-publish","format-standard","hentry","category-horamoradebre","tag-assetjament","tag-assetjament-escolar","tag-barcelo","tag-benestar","tag-benestar-emocional","tag-bulling","tag-bullying","tag-la-rabia","tag-lolita-bosch","tag-psicologa","tag-psicologia","tag-rabia","tag-receptes-benestar","tag-receptes-per-al-benestar","tag-rosa-barcelo"],"_links":{"self":[{"href":"https:\/\/www.radiomoradebre.cat\/wp\/wp-json\/wp\/v2\/posts\/24579","targetHints":{"allow":["GET"]}}],"collection":[{"href":"https:\/\/www.radiomoradebre.cat\/wp\/wp-json\/wp\/v2\/posts"}],"about":[{"href":"https:\/\/www.radiomoradebre.cat\/wp\/wp-json\/wp\/v2\/types\/post"}],"author":[{"embeddable":true,"href":"https:\/\/www.radiomoradebre.cat\/wp\/wp-json\/wp\/v2\/users\/3"}],"replies":[{"embeddable":true,"href":"https:\/\/www.radiomoradebre.cat\/wp\/wp-json\/wp\/v2\/comments?post=24579"}],"version-history":[{"count":1,"href":"https:\/\/www.radiomoradebre.cat\/wp\/wp-json\/wp\/v2\/posts\/24579\/revisions"}],"predecessor-version":[{"id":24580,"href":"https:\/\/www.radiomoradebre.cat\/wp\/wp-json\/wp\/v2\/posts\/24579\/revisions\/24580"}],"wp:attachment":[{"href":"https:\/\/www.radiomoradebre.cat\/wp\/wp-json\/wp\/v2\/media?parent=24579"}],"wp:term":[{"taxonomy":"category","embeddable":true,"href":"https:\/\/www.radiomoradebre.cat\/wp\/wp-json\/wp\/v2\/categories?post=24579"},{"taxonomy":"post_tag","embeddable":true,"href":"https:\/\/www.radiomoradebre.cat\/wp\/wp-json\/wp\/v2\/tags?post=24579"}],"curies":[{"name":"wp","href":"https:\/\/api.w.org\/{rel}","templated":true}]}}