
{"id":24506,"date":"2016-11-10T18:41:12","date_gmt":"2016-11-10T17:41:12","guid":{"rendered":"http:\/\/radiomoradebre.cat\/wp\/?p=24506"},"modified":"2016-11-10T18:41:12","modified_gmt":"2016-11-10T17:41:12","slug":"gambus-pregunta-sobre-la-contaminacio-de-flix-a-la-comissio-europea","status":"publish","type":"post","link":"https:\/\/www.radiomoradebre.cat\/wp\/2016\/11\/10\/gambus-pregunta-sobre-la-contaminacio-de-flix-a-la-comissio-europea\/","title":{"rendered":"Gamb\u00fas pregunta sobre la contaminaci\u00f3 de Flix a la Comissi\u00f3 Europea"},"content":{"rendered":"<p><em><strong>L&#8217;eurodiputat Francesc Gamb\u00fas ha presentat una bateria de preguntes davant la Comissi\u00f3 Europea sobre l&#8217;estat dels s\u00f2ls contaminats d&#8217;Ercros. Segons Gamb\u00fas, l&#8217;empresa hauria pogut vulnerar la normativa europea de Medi Ambient i demana a les institucions europees que es pronunci\u00efn.<\/strong><\/em><\/p>\n<p>ANDREU PRUNERA<\/p>\n<p><a href=\"http:\/\/radiomoradebre.cat\/wp\/wp-content\/uploads\/2016\/11\/CRO-10-11-16-gambus.mp3\">cro-10-11-16-gambus<\/a><\/p>\n<p><a href=\"http:\/\/radiomoradebre.cat\/wp\/wp-content\/uploads\/2016\/11\/gambus-1.jpg\"><img loading=\"lazy\" decoding=\"async\" class=\"size-medium wp-image-24511\" src=\"http:\/\/radiomoradebre.cat\/wp\/wp-content\/uploads\/2016\/11\/gambus-1-300x169.jpg\" alt=\"OLYMPUS DIGITAL CAMERA\" width=\"300\" height=\"169\" srcset=\"https:\/\/www.radiomoradebre.cat\/wp\/wp-content\/uploads\/2016\/11\/gambus-1-300x169.jpg 300w, https:\/\/www.radiomoradebre.cat\/wp\/wp-content\/uploads\/2016\/11\/gambus-1-768x432.jpg 768w, https:\/\/www.radiomoradebre.cat\/wp\/wp-content\/uploads\/2016\/11\/gambus-1-1024x576.jpg 1024w\" sizes=\"auto, (max-width: 300px) 100vw, 300px\" \/><\/a><\/p>\n","protected":false},"excerpt":{"rendered":"<p>L&#8217;eurodiputat Francesc Gamb\u00fas ha presentat una bateria de preguntes davant la Comissi\u00f3 Europea sobre l&#8217;estat dels s\u00f2ls contaminats d&#8217;Ercros. Segons Gamb\u00fas, l&#8217;empresa hauria pogut vulnerar la normativa europea de Medi Ambient i demana a les institucions europees que es pronunci\u00efn. &hellip; <a href=\"https:\/\/www.radiomoradebre.cat\/wp\/2016\/11\/10\/gambus-pregunta-sobre-la-contaminacio-de-flix-a-la-comissio-europea\/\">Continue reading <span class=\"meta-nav\">&rarr;<\/span><\/a><\/p>\n","protected":false},"author":3,"featured_media":0,"comment_status":"closed","ping_status":"open","sticky":false,"template":"","format":"standard","meta":{"footnotes":""},"categories":[2],"tags":[4924,279,9089,94,935,93,6195,9219,4912,5046],"class_list":["post-24506","post","type-post","status-publish","format-standard","hentry","category-noticies","tag-comissio-europea","tag-descontaminacio","tag-descontaminacio-sol-ercros","tag-ercros","tag-europa","tag-flix","tag-francesc-gambus","tag-sols","tag-unio-democratica","tag-unio-democratica-de-catalunya"],"_links":{"self":[{"href":"https:\/\/www.radiomoradebre.cat\/wp\/wp-json\/wp\/v2\/posts\/24506","targetHints":{"allow":["GET"]}}],"collection":[{"href":"https:\/\/www.radiomoradebre.cat\/wp\/wp-json\/wp\/v2\/posts"}],"about":[{"href":"https:\/\/www.radiomoradebre.cat\/wp\/wp-json\/wp\/v2\/types\/post"}],"author":[{"embeddable":true,"href":"https:\/\/www.radiomoradebre.cat\/wp\/wp-json\/wp\/v2\/users\/3"}],"replies":[{"embeddable":true,"href":"https:\/\/www.radiomoradebre.cat\/wp\/wp-json\/wp\/v2\/comments?post=24506"}],"version-history":[{"count":1,"href":"https:\/\/www.radiomoradebre.cat\/wp\/wp-json\/wp\/v2\/posts\/24506\/revisions"}],"predecessor-version":[{"id":24512,"href":"https:\/\/www.radiomoradebre.cat\/wp\/wp-json\/wp\/v2\/posts\/24506\/revisions\/24512"}],"wp:attachment":[{"href":"https:\/\/www.radiomoradebre.cat\/wp\/wp-json\/wp\/v2\/media?parent=24506"}],"wp:term":[{"taxonomy":"category","embeddable":true,"href":"https:\/\/www.radiomoradebre.cat\/wp\/wp-json\/wp\/v2\/categories?post=24506"},{"taxonomy":"post_tag","embeddable":true,"href":"https:\/\/www.radiomoradebre.cat\/wp\/wp-json\/wp\/v2\/tags?post=24506"}],"curies":[{"name":"wp","href":"https:\/\/api.w.org\/{rel}","templated":true}]}}