
{"id":24494,"date":"2016-11-10T14:43:52","date_gmt":"2016-11-10T13:43:52","guid":{"rendered":"http:\/\/radiomoradebre.cat\/wp\/?p=24494"},"modified":"2016-11-10T14:43:52","modified_gmt":"2016-11-10T13:43:52","slug":"debat-politic-present-i-el-futur-economic-a-la-ribera-debre-10-11-16","status":"publish","type":"post","link":"https:\/\/www.radiomoradebre.cat\/wp\/2016\/11\/10\/debat-politic-present-i-el-futur-economic-a-la-ribera-debre-10-11-16\/","title":{"rendered":"Debat pol\u00edtic &#8211; present i el futur econ\u00f2mic a la Ribera d&#8217;Ebre (10-11-16)"},"content":{"rendered":"<p>DEBAT POL\u00cdTIC. Avui hem encetat temporada amb els debats pol\u00edtics a la r\u00e0dio. Amb la companyia de Gemma Carim del PDEC, Francesc Barbero d&#8217;ERC i Carlos Trinchan del PSC, hem debatut sobre el present i el futur de l&#8217;economia de la Ribera d&#8217;Ebre un cop finalitzi la vida \u00fatil de la central nuclear d&#8217;Asc\u00f3.<\/p>\n<p><a href=\"http:\/\/radiomoradebre.cat\/wp\/wp-content\/uploads\/2016\/11\/DEBAT-10-11-16-FUTUR-ECONOMIC-RE.mp3\">DEBAT 10-11-16 FUTUR ECONOMIC RE<\/a><\/p>\n<p><a href=\"http:\/\/radiomoradebre.cat\/wp\/wp-content\/uploads\/2016\/11\/FullSizeRender-18.jpg\"><img loading=\"lazy\" decoding=\"async\" class=\"aligncenter size-medium wp-image-24495\" src=\"http:\/\/radiomoradebre.cat\/wp\/wp-content\/uploads\/2016\/11\/FullSizeRender-18-300x225.jpg\" alt=\"fullsizerender-18\" width=\"300\" height=\"225\" srcset=\"https:\/\/www.radiomoradebre.cat\/wp\/wp-content\/uploads\/2016\/11\/FullSizeRender-18-300x225.jpg 300w, https:\/\/www.radiomoradebre.cat\/wp\/wp-content\/uploads\/2016\/11\/FullSizeRender-18-768x576.jpg 768w, https:\/\/www.radiomoradebre.cat\/wp\/wp-content\/uploads\/2016\/11\/FullSizeRender-18-1024x768.jpg 1024w\" sizes=\"auto, (max-width: 300px) 100vw, 300px\" \/><\/a><\/p>\n","protected":false},"excerpt":{"rendered":"<p>DEBAT POL\u00cdTIC. Avui hem encetat temporada amb els debats pol\u00edtics a la r\u00e0dio. Amb la companyia de Gemma Carim del PDEC, Francesc Barbero d&#8217;ERC i Carlos Trinchan del PSC, hem debatut sobre el present i el futur de l&#8217;economia de &hellip; <a href=\"https:\/\/www.radiomoradebre.cat\/wp\/2016\/11\/10\/debat-politic-present-i-el-futur-economic-a-la-ribera-debre-10-11-16\/\">Continue reading <span class=\"meta-nav\">&rarr;<\/span><\/a><\/p>\n","protected":false},"author":3,"featured_media":0,"comment_status":"closed","ping_status":"open","sticky":false,"template":"","format":"standard","meta":{"footnotes":""},"categories":[12],"tags":[357,6112,2292,9201,9183,9203,163,94,302,9204,1704,974,9207,9205,4299,955,390,9206,9202,247,966,96],"class_list":["post-24494","post","type-post","status-publish","format-standard","hentry","category-horamoradebre","tag-anav","tag-carlos-trinchan","tag-debat","tag-debat-politic","tag-diversificacio-economica","tag-economia-ribera-debre","tag-erc","tag-ercros","tag-francesc-barbero","tag-futur-economic-ribera-debre","tag-gemma-carim","tag-industria","tag-industria-energetica","tag-lera-postnuclear","tag-mtc","tag-nuclear","tag-ocupacio","tag-pdec","tag-present-i-futur-economic-ribera-debre","tag-psc","tag-residus-nuclears","tag-ribera-debre"],"_links":{"self":[{"href":"https:\/\/www.radiomoradebre.cat\/wp\/wp-json\/wp\/v2\/posts\/24494","targetHints":{"allow":["GET"]}}],"collection":[{"href":"https:\/\/www.radiomoradebre.cat\/wp\/wp-json\/wp\/v2\/posts"}],"about":[{"href":"https:\/\/www.radiomoradebre.cat\/wp\/wp-json\/wp\/v2\/types\/post"}],"author":[{"embeddable":true,"href":"https:\/\/www.radiomoradebre.cat\/wp\/wp-json\/wp\/v2\/users\/3"}],"replies":[{"embeddable":true,"href":"https:\/\/www.radiomoradebre.cat\/wp\/wp-json\/wp\/v2\/comments?post=24494"}],"version-history":[{"count":1,"href":"https:\/\/www.radiomoradebre.cat\/wp\/wp-json\/wp\/v2\/posts\/24494\/revisions"}],"predecessor-version":[{"id":24496,"href":"https:\/\/www.radiomoradebre.cat\/wp\/wp-json\/wp\/v2\/posts\/24494\/revisions\/24496"}],"wp:attachment":[{"href":"https:\/\/www.radiomoradebre.cat\/wp\/wp-json\/wp\/v2\/media?parent=24494"}],"wp:term":[{"taxonomy":"category","embeddable":true,"href":"https:\/\/www.radiomoradebre.cat\/wp\/wp-json\/wp\/v2\/categories?post=24494"},{"taxonomy":"post_tag","embeddable":true,"href":"https:\/\/www.radiomoradebre.cat\/wp\/wp-json\/wp\/v2\/tags?post=24494"}],"curies":[{"name":"wp","href":"https:\/\/api.w.org\/{rel}","templated":true}]}}