
{"id":24375,"date":"2016-11-03T14:41:58","date_gmt":"2016-11-03T13:41:58","guid":{"rendered":"http:\/\/radiomoradebre.cat\/wp\/?p=24375"},"modified":"2016-11-03T14:41:58","modified_gmt":"2016-11-03T13:41:58","slug":"entrevista-gerard-mercade-cicle-conferencies-acre-3-11-16","status":"publish","type":"post","link":"https:\/\/www.radiomoradebre.cat\/wp\/2016\/11\/03\/entrevista-gerard-mercade-cicle-conferencies-acre-3-11-16\/","title":{"rendered":"Entrevista Gerard Mercad\u00e9 &#8211; cicle confer\u00e8ncies ACRE (3-11-16)"},"content":{"rendered":"<p>HORA M\u00d3RA D&#8217;EBRE. L&#8217;Arxiu Comarcal de la Ribera d&#8217;Ebre i el Centre d&#8217;Estudis de la Ribera d&#8217;Ebre enceten aquest divendres 4 de novembre un nou cicle de confer\u00e8ncies sobre &#8220;els Castells i les fortificacions de la Ribera d&#8217;Ebre&#8221;. Al programa ens ha visitat en Gerard Mercad\u00e9, director de l&#8217;ACRE per parlar-ne.<\/p>\n<p><a href=\"http:\/\/radiomoradebre.cat\/wp\/wp-content\/uploads\/2016\/11\/ENTREVISTA-GERARD-MERCAD\u00c9-3-10-16-CICLE-ACRE-CASTELLS.mp3\">ENTREVISTA GERARD MERCAD\u00c9 3-10-16 CICLE ACRE CASTELLS<\/a><\/p>\n<p><a href=\"http:\/\/radiomoradebre.cat\/wp\/wp-content\/uploads\/2016\/11\/IMG_8763-e1478180360396.jpg\"><img loading=\"lazy\" decoding=\"async\" class=\"aligncenter size-medium wp-image-24376\" src=\"http:\/\/radiomoradebre.cat\/wp\/wp-content\/uploads\/2016\/11\/IMG_8763-e1478180360396-225x300.jpg\" alt=\"img_8763\" width=\"225\" height=\"300\" srcset=\"https:\/\/www.radiomoradebre.cat\/wp\/wp-content\/uploads\/2016\/11\/IMG_8763-e1478180360396-225x300.jpg 225w, https:\/\/www.radiomoradebre.cat\/wp\/wp-content\/uploads\/2016\/11\/IMG_8763-e1478180360396-768x1024.jpg 768w\" sizes=\"auto, (max-width: 225px) 100vw, 225px\" \/><\/a><\/p>\n","protected":false},"excerpt":{"rendered":"<p>HORA M\u00d3RA D&#8217;EBRE. L&#8217;Arxiu Comarcal de la Ribera d&#8217;Ebre i el Centre d&#8217;Estudis de la Ribera d&#8217;Ebre enceten aquest divendres 4 de novembre un nou cicle de confer\u00e8ncies sobre &#8220;els Castells i les fortificacions de la Ribera d&#8217;Ebre&#8221;. Al programa &hellip; <a href=\"https:\/\/www.radiomoradebre.cat\/wp\/2016\/11\/03\/entrevista-gerard-mercade-cicle-conferencies-acre-3-11-16\/\">Continue reading <span class=\"meta-nav\">&rarr;<\/span><\/a><\/p>\n","protected":false},"author":3,"featured_media":0,"comment_status":"closed","ping_status":"open","sticky":false,"template":"","format":"standard","meta":{"footnotes":""},"categories":[12],"tags":[7609,5604,170,9109,69,7208,3369,3905,577,9110,9116,9113,9111,2721,967,5660,93,9112,1785,9120,2301,9117,9114,147,57,9115,9118,9119,5548],"class_list":["post-24375","post","type-post","status-publish","format-standard","hentry","category-horamoradebre","tag-12-hores-futbol-sala-riba-roja-debre","tag-acre","tag-arxiu-comarcal-de-la-ribera-debre","tag-arxiu-comarcal-ribera-debre","tag-asco","tag-castell-dasco","tag-castell-de-flix","tag-castell-de-miravet","tag-castell-de-mora-debre","tag-castells","tag-castells-de-flix","tag-castells-i-fortificacions-de-la-ribera-debre","tag-castells-ribera-debre","tag-centre-destudis-de-la-ribera-debre","tag-cere","tag-cicle-de-conferencies","tag-flix","tag-fortificacions","tag-gerard-mercade","tag-joan-fuget","tag-joan-ramon-vinaixa","tag-josep-maria-vila-i-carabasa","tag-josep-serrano-daura","tag-miravet","tag-mora-debre","tag-pere-munoz-hernandez","tag-torres-de-guaita","tag-torres-de-guaita-ribera-debre","tag-ventura-castellvell"],"_links":{"self":[{"href":"https:\/\/www.radiomoradebre.cat\/wp\/wp-json\/wp\/v2\/posts\/24375","targetHints":{"allow":["GET"]}}],"collection":[{"href":"https:\/\/www.radiomoradebre.cat\/wp\/wp-json\/wp\/v2\/posts"}],"about":[{"href":"https:\/\/www.radiomoradebre.cat\/wp\/wp-json\/wp\/v2\/types\/post"}],"author":[{"embeddable":true,"href":"https:\/\/www.radiomoradebre.cat\/wp\/wp-json\/wp\/v2\/users\/3"}],"replies":[{"embeddable":true,"href":"https:\/\/www.radiomoradebre.cat\/wp\/wp-json\/wp\/v2\/comments?post=24375"}],"version-history":[{"count":1,"href":"https:\/\/www.radiomoradebre.cat\/wp\/wp-json\/wp\/v2\/posts\/24375\/revisions"}],"predecessor-version":[{"id":24377,"href":"https:\/\/www.radiomoradebre.cat\/wp\/wp-json\/wp\/v2\/posts\/24375\/revisions\/24377"}],"wp:attachment":[{"href":"https:\/\/www.radiomoradebre.cat\/wp\/wp-json\/wp\/v2\/media?parent=24375"}],"wp:term":[{"taxonomy":"category","embeddable":true,"href":"https:\/\/www.radiomoradebre.cat\/wp\/wp-json\/wp\/v2\/categories?post=24375"},{"taxonomy":"post_tag","embeddable":true,"href":"https:\/\/www.radiomoradebre.cat\/wp\/wp-json\/wp\/v2\/tags?post=24375"}],"curies":[{"name":"wp","href":"https:\/\/api.w.org\/{rel}","templated":true}]}}