
{"id":23887,"date":"2016-10-06T13:17:30","date_gmt":"2016-10-06T11:17:30","guid":{"rendered":"http:\/\/radiomoradebre.cat\/wp\/?p=23887"},"modified":"2016-10-07T16:46:31","modified_gmt":"2016-10-07T14:46:31","slug":"avui-que-cuinem-el-vi-a-la-cuina-amb-josep-suner-6-10-16","status":"publish","type":"post","link":"https:\/\/www.radiomoradebre.cat\/wp\/2016\/10\/06\/avui-que-cuinem-el-vi-a-la-cuina-amb-josep-suner-6-10-16\/","title":{"rendered":"Avui qu\u00e8 cuinem? &#8211; el vi a la cuina amb Josep Su\u00f1er (6-10-16)"},"content":{"rendered":"<p>AVUI QU\u00c8 CUINEM? Avui estem molt contents perqu\u00e8 hem estrenat un nou programa de cuina a la r\u00e0dio, amb les nostres cuineres habituals, la Magda i l&#8217;Agustina. Al primer programa d&#8217;aquesta nova temporada hem parlat del vi a la cuina i ho hem fet ben acompanyats de Josep Su\u00f1er de Olis i Vins Su\u00f1er de Ginestar. En Josep ens ha presentat la gamma de vins que produeixen i ens ha recomanat amb qu\u00e8 maridar-los, tamb\u00e9 ens ha donat la recepta per fer un mojito amb vi rosat. L&#8217;Agustina ens ha preparat colomins amb vi blanc i la Magda ens ha explicat com preparar peres amb vi negre.<\/p>\n<p><a href=\"http:\/\/radiomoradebre.cat\/wp\/wp-content\/uploads\/2016\/10\/AVUI-CUINEM-6-10-16-EL-VI-A-LA-CUINA.mp3\">AVUI CUINEM 6-10-16 EL VI A LA CUINA<\/a><\/p>\n<p><a href=\"http:\/\/radiomoradebre.cat\/wp\/wp-content\/uploads\/2016\/10\/FullSizeRender-8.jpg\"><img loading=\"lazy\" decoding=\"async\" class=\"aligncenter size-medium wp-image-23890\" src=\"http:\/\/radiomoradebre.cat\/wp\/wp-content\/uploads\/2016\/10\/FullSizeRender-8-300x209.jpg\" alt=\"fullsizerender-8\" width=\"300\" height=\"209\" srcset=\"https:\/\/www.radiomoradebre.cat\/wp\/wp-content\/uploads\/2016\/10\/FullSizeRender-8-300x209.jpg 300w, https:\/\/www.radiomoradebre.cat\/wp\/wp-content\/uploads\/2016\/10\/FullSizeRender-8-768x535.jpg 768w, https:\/\/www.radiomoradebre.cat\/wp\/wp-content\/uploads\/2016\/10\/FullSizeRender-8-1024x713.jpg 1024w\" sizes=\"auto, (max-width: 300px) 100vw, 300px\" \/><\/a><\/p>\n","protected":false},"excerpt":{"rendered":"<p>AVUI QU\u00c8 CUINEM? Avui estem molt contents perqu\u00e8 hem estrenat un nou programa de cuina a la r\u00e0dio, amb les nostres cuineres habituals, la Magda i l&#8217;Agustina. Al primer programa d&#8217;aquesta nova temporada hem parlat del vi a la cuina &hellip; <a href=\"https:\/\/www.radiomoradebre.cat\/wp\/2016\/10\/06\/avui-que-cuinem-el-vi-a-la-cuina-amb-josep-suner-6-10-16\/\">Continue reading <span class=\"meta-nav\">&rarr;<\/span><\/a><\/p>\n","protected":false},"author":3,"featured_media":0,"comment_status":"closed","ping_status":"open","sticky":false,"template":"","format":"standard","meta":{"footnotes":""},"categories":[12],"tags":[8656,3428,8645,8653,8654,3426,8644,8655,145,7991,3427,7659,8000,8650,8657,7989,8677,8651,8652,7997,8646,6436,8643,7856,200,8676],"class_list":["post-23887","post","type-post","status-publish","format-standard","hentry","category-horamoradebre","tag-acacia","tag-agustina","tag-avui-que-cuinem","tag-colomins","tag-colomins-amb-vi-blanc","tag-cuina","tag-cuina-a-la-radio","tag-el-vi-a-la-cuina","tag-ginestar","tag-josep-suner","tag-magda","tag-maridatge","tag-mojito","tag-mojito-amb-vi-rosat","tag-moska-negra","tag-olis-i-vins-suner","tag-olis-i-vins-suner-ginestar","tag-peres","tag-peres-amb-vi-negre","tag-pocavergonya","tag-que-cuinem","tag-recepta","tag-recepta-de-cuina","tag-receptes-de-cuina","tag-vi","tag-vins-suner"],"_links":{"self":[{"href":"https:\/\/www.radiomoradebre.cat\/wp\/wp-json\/wp\/v2\/posts\/23887","targetHints":{"allow":["GET"]}}],"collection":[{"href":"https:\/\/www.radiomoradebre.cat\/wp\/wp-json\/wp\/v2\/posts"}],"about":[{"href":"https:\/\/www.radiomoradebre.cat\/wp\/wp-json\/wp\/v2\/types\/post"}],"author":[{"embeddable":true,"href":"https:\/\/www.radiomoradebre.cat\/wp\/wp-json\/wp\/v2\/users\/3"}],"replies":[{"embeddable":true,"href":"https:\/\/www.radiomoradebre.cat\/wp\/wp-json\/wp\/v2\/comments?post=23887"}],"version-history":[{"count":2,"href":"https:\/\/www.radiomoradebre.cat\/wp\/wp-json\/wp\/v2\/posts\/23887\/revisions"}],"predecessor-version":[{"id":23933,"href":"https:\/\/www.radiomoradebre.cat\/wp\/wp-json\/wp\/v2\/posts\/23887\/revisions\/23933"}],"wp:attachment":[{"href":"https:\/\/www.radiomoradebre.cat\/wp\/wp-json\/wp\/v2\/media?parent=23887"}],"wp:term":[{"taxonomy":"category","embeddable":true,"href":"https:\/\/www.radiomoradebre.cat\/wp\/wp-json\/wp\/v2\/categories?post=23887"},{"taxonomy":"post_tag","embeddable":true,"href":"https:\/\/www.radiomoradebre.cat\/wp\/wp-json\/wp\/v2\/tags?post=23887"}],"curies":[{"name":"wp","href":"https:\/\/api.w.org\/{rel}","templated":true}]}}