
{"id":23613,"date":"2016-09-23T14:00:42","date_gmt":"2016-09-23T12:00:42","guid":{"rendered":"http:\/\/radiomoradebre.cat\/wp\/?p=23613"},"modified":"2016-09-23T14:00:42","modified_gmt":"2016-09-23T12:00:42","slug":"lalcalde-de-mora-debre-preocupat-amb-la-possible-supressio-de-lequip-de-transit-de-la-comissaria-dels-mossos-desquadra","status":"publish","type":"post","link":"https:\/\/www.radiomoradebre.cat\/wp\/2016\/09\/23\/lalcalde-de-mora-debre-preocupat-amb-la-possible-supressio-de-lequip-de-transit-de-la-comissaria-dels-mossos-desquadra\/","title":{"rendered":"L&#8217;alcalde de M\u00f3ra d&#8217;Ebre, preocupat amb la possible supressi\u00f3 de l&#8217;equip de tr\u00e0nsit de la comissaria dels Mossos d&#8217;Esquadra"},"content":{"rendered":"<p><em><strong>L\u2019alcalde de M\u00f3ra d\u2019Ebre, Joan Pi\u00f1ol, ha anunciat que s\u2019oposar\u00e0 frontalment a qualsevol proposta per reduir l\u2019equip de tr\u00e0nsit de la comissaria de la Ribera d\u2019Ebre. Tot i que des de la Generalitat asseguren que es tractaria d\u2019una redistribuci\u00f3 i que no es perdran efectius a M\u00f3ra d\u2019Ebre, Pi\u00f1ol assegura que se sent preocupat i ha recordat que la Ribera d\u2019Ebre acull dos centrals nuclears, i diversos plans de protecci\u00f3 civil.<\/strong><\/em><\/p>\n<p>ANDREU PRUNERA<\/p>\n<p><a href=\"http:\/\/radiomoradebre.cat\/wp\/wp-content\/uploads\/2016\/09\/CRO-23-09-16-pi\u00f1ol-mossos.mp3\">cro-23-09-16-pinol-mossos<\/a><\/p>\n<p><a href=\"http:\/\/radiomoradebre.cat\/wp\/wp-content\/uploads\/2016\/09\/mossos-transit.jpg\"><img loading=\"lazy\" decoding=\"async\" class=\"aligncenter size-medium wp-image-23568\" src=\"http:\/\/radiomoradebre.cat\/wp\/wp-content\/uploads\/2016\/09\/mossos-transit-300x206.jpg\" alt=\"mossos-transit\" width=\"300\" height=\"206\" srcset=\"https:\/\/www.radiomoradebre.cat\/wp\/wp-content\/uploads\/2016\/09\/mossos-transit-300x206.jpg 300w, https:\/\/www.radiomoradebre.cat\/wp\/wp-content\/uploads\/2016\/09\/mossos-transit.jpg 350w\" sizes=\"auto, (max-width: 300px) 100vw, 300px\" \/><\/a><\/p>\n","protected":false},"excerpt":{"rendered":"<p>L\u2019alcalde de M\u00f3ra d\u2019Ebre, Joan Pi\u00f1ol, ha anunciat que s\u2019oposar\u00e0 frontalment a qualsevol proposta per reduir l\u2019equip de tr\u00e0nsit de la comissaria de la Ribera d\u2019Ebre. Tot i que des de la Generalitat asseguren que es tractaria d\u2019una redistribuci\u00f3 i &hellip; <a href=\"https:\/\/www.radiomoradebre.cat\/wp\/2016\/09\/23\/lalcalde-de-mora-debre-preocupat-amb-la-possible-supressio-de-lequip-de-transit-de-la-comissaria-dels-mossos-desquadra\/\">Continue reading <span class=\"meta-nav\">&rarr;<\/span><\/a><\/p>\n","protected":false},"author":3,"featured_media":0,"comment_status":"closed","ping_status":"open","sticky":false,"template":"","format":"standard","meta":{"footnotes":""},"categories":[2],"tags":[3532,185,57,226,1505,2578],"class_list":["post-23613","post","type-post","status-publish","format-standard","hentry","category-noticies","tag-comissaria","tag-joan-pinol","tag-mora-debre","tag-mossos-desquadra","tag-policia","tag-seguretat"],"_links":{"self":[{"href":"https:\/\/www.radiomoradebre.cat\/wp\/wp-json\/wp\/v2\/posts\/23613","targetHints":{"allow":["GET"]}}],"collection":[{"href":"https:\/\/www.radiomoradebre.cat\/wp\/wp-json\/wp\/v2\/posts"}],"about":[{"href":"https:\/\/www.radiomoradebre.cat\/wp\/wp-json\/wp\/v2\/types\/post"}],"author":[{"embeddable":true,"href":"https:\/\/www.radiomoradebre.cat\/wp\/wp-json\/wp\/v2\/users\/3"}],"replies":[{"embeddable":true,"href":"https:\/\/www.radiomoradebre.cat\/wp\/wp-json\/wp\/v2\/comments?post=23613"}],"version-history":[{"count":1,"href":"https:\/\/www.radiomoradebre.cat\/wp\/wp-json\/wp\/v2\/posts\/23613\/revisions"}],"predecessor-version":[{"id":23615,"href":"https:\/\/www.radiomoradebre.cat\/wp\/wp-json\/wp\/v2\/posts\/23613\/revisions\/23615"}],"wp:attachment":[{"href":"https:\/\/www.radiomoradebre.cat\/wp\/wp-json\/wp\/v2\/media?parent=23613"}],"wp:term":[{"taxonomy":"category","embeddable":true,"href":"https:\/\/www.radiomoradebre.cat\/wp\/wp-json\/wp\/v2\/categories?post=23613"},{"taxonomy":"post_tag","embeddable":true,"href":"https:\/\/www.radiomoradebre.cat\/wp\/wp-json\/wp\/v2\/tags?post=23613"}],"curies":[{"name":"wp","href":"https:\/\/api.w.org\/{rel}","templated":true}]}}