
{"id":22809,"date":"2016-07-20T15:08:12","date_gmt":"2016-07-20T13:08:12","guid":{"rendered":"http:\/\/radiomoradebre.cat\/wp\/?p=22809"},"modified":"2016-07-20T15:08:12","modified_gmt":"2016-07-20T13:08:12","slug":"entrevista-marc-borras-20-7-16","status":"publish","type":"post","link":"https:\/\/www.radiomoradebre.cat\/wp\/2016\/07\/20\/entrevista-marc-borras-20-7-16\/","title":{"rendered":"Entrevista Marc Borr\u00e0s (20-7-16)"},"content":{"rendered":"<p>HORA M\u00d3RA D&#8217;EBRE. La Torre de l&#8217;Espanyol ha comen\u00e7at avui els actes de la seua Festa Major de Sant Jaume, i ens ha visitat el seu regidor de festes, en Marc Borr\u00e0s, per explicar-nos tot el qu\u00e8 s&#8217;ha preparat per passar-ho b\u00e9.<\/p>\n<p><a href=\"http:\/\/radiomoradebre.cat\/wp\/wp-content\/uploads\/2016\/07\/ENTREVISTA-MARC-BORR\u00c0S-20-7-16-FM-LA-TORRE-DE-LESPANYOL.mp3\">ENTREVISTA MARC BORR\u00c0S 20-7-16 FM LA TORRE DE L&#8217;ESPANYOL<\/a><\/p>\n<p><a href=\"http:\/\/radiomoradebre.cat\/wp\/wp-content\/uploads\/2016\/07\/IMG_6590-e1469020041297.jpg\"><img loading=\"lazy\" decoding=\"async\" class=\"aligncenter size-medium wp-image-22810\" src=\"http:\/\/radiomoradebre.cat\/wp\/wp-content\/uploads\/2016\/07\/IMG_6590-e1469020041297-225x300.jpg\" alt=\"IMG_6590\" width=\"225\" height=\"300\" srcset=\"https:\/\/www.radiomoradebre.cat\/wp\/wp-content\/uploads\/2016\/07\/IMG_6590-e1469020041297-225x300.jpg 225w, https:\/\/www.radiomoradebre.cat\/wp\/wp-content\/uploads\/2016\/07\/IMG_6590-e1469020041297-768x1024.jpg 768w\" sizes=\"auto, (max-width: 225px) 100vw, 225px\" \/><\/a><\/p>\n<p>&nbsp;<\/p>\n","protected":false},"excerpt":{"rendered":"<p>HORA M\u00d3RA D&#8217;EBRE. La Torre de l&#8217;Espanyol ha comen\u00e7at avui els actes de la seua Festa Major de Sant Jaume, i ens ha visitat el seu regidor de festes, en Marc Borr\u00e0s, per explicar-nos tot el qu\u00e8 s&#8217;ha preparat per &hellip; <a href=\"https:\/\/www.radiomoradebre.cat\/wp\/2016\/07\/20\/entrevista-marc-borras-20-7-16\/\">Continue reading <span class=\"meta-nav\">&rarr;<\/span><\/a><\/p>\n","protected":false},"author":3,"featured_media":0,"comment_status":"closed","ping_status":"open","sticky":false,"template":"","format":"standard","meta":{"footnotes":""},"categories":[12],"tags":[8018,919,1294,4777,330,5112,96],"class_list":["post-22809","post","type-post","status-publish","format-standard","hentry","category-horamoradebre","tag-birrabosenca","tag-festa","tag-festa-major","tag-la-torre","tag-la-torre-de-lespanyol","tag-marc-borras","tag-ribera-debre"],"_links":{"self":[{"href":"https:\/\/www.radiomoradebre.cat\/wp\/wp-json\/wp\/v2\/posts\/22809","targetHints":{"allow":["GET"]}}],"collection":[{"href":"https:\/\/www.radiomoradebre.cat\/wp\/wp-json\/wp\/v2\/posts"}],"about":[{"href":"https:\/\/www.radiomoradebre.cat\/wp\/wp-json\/wp\/v2\/types\/post"}],"author":[{"embeddable":true,"href":"https:\/\/www.radiomoradebre.cat\/wp\/wp-json\/wp\/v2\/users\/3"}],"replies":[{"embeddable":true,"href":"https:\/\/www.radiomoradebre.cat\/wp\/wp-json\/wp\/v2\/comments?post=22809"}],"version-history":[{"count":1,"href":"https:\/\/www.radiomoradebre.cat\/wp\/wp-json\/wp\/v2\/posts\/22809\/revisions"}],"predecessor-version":[{"id":22811,"href":"https:\/\/www.radiomoradebre.cat\/wp\/wp-json\/wp\/v2\/posts\/22809\/revisions\/22811"}],"wp:attachment":[{"href":"https:\/\/www.radiomoradebre.cat\/wp\/wp-json\/wp\/v2\/media?parent=22809"}],"wp:term":[{"taxonomy":"category","embeddable":true,"href":"https:\/\/www.radiomoradebre.cat\/wp\/wp-json\/wp\/v2\/categories?post=22809"},{"taxonomy":"post_tag","embeddable":true,"href":"https:\/\/www.radiomoradebre.cat\/wp\/wp-json\/wp\/v2\/tags?post=22809"}],"curies":[{"name":"wp","href":"https:\/\/api.w.org\/{rel}","templated":true}]}}