
{"id":22604,"date":"2016-07-11T14:16:51","date_gmt":"2016-07-11T12:16:51","guid":{"rendered":"http:\/\/radiomoradebre.cat\/wp\/?p=22604"},"modified":"2016-07-11T14:16:51","modified_gmt":"2016-07-11T12:16:51","slug":"entrevista-clara-rodriguez-11-7-16","status":"publish","type":"post","link":"https:\/\/www.radiomoradebre.cat\/wp\/2016\/07\/11\/entrevista-clara-rodriguez-11-7-16\/","title":{"rendered":"Entrevista Clara Rodr\u00edguez (11-7-16)"},"content":{"rendered":"<p>HORA M\u00d3RA D&#8217;EBRE. La Uni\u00f3 de Botiguers de M\u00f3ra d&#8217;Ebre enceta avui la segona setmana solid\u00e0ria amb el Jeroni de Moragas, al programa d&#8217;avui ens ha acompanyat la presidenta de l&#8217;entitat Clara Rodr\u00edguez per explicar-nos com ho hem de fer per participar.<\/p>\n<p><a href=\"http:\/\/radiomoradebre.cat\/wp\/wp-content\/uploads\/2016\/07\/ENTREVISTA-CLARA-RODR\u00cdGUEZ-11-7-16-CAMPANYA-JERONI-MORAGAS.mp3\">ENTREVISTA CLARA RODR\u00cdGUEZ 11-7-16 CAMPANYA JERONI MORAGAS<\/a><\/p>\n<p><a href=\"http:\/\/radiomoradebre.cat\/wp\/wp-content\/uploads\/2016\/07\/13557803_1042888172414019_1815522339437983872_n.jpg\"><img loading=\"lazy\" decoding=\"async\" class=\"aligncenter size-medium wp-image-22605\" src=\"http:\/\/radiomoradebre.cat\/wp\/wp-content\/uploads\/2016\/07\/13557803_1042888172414019_1815522339437983872_n-300x225.jpg\" alt=\"13557803_1042888172414019_1815522339437983872_n\" width=\"300\" height=\"225\" srcset=\"https:\/\/www.radiomoradebre.cat\/wp\/wp-content\/uploads\/2016\/07\/13557803_1042888172414019_1815522339437983872_n-300x225.jpg 300w, https:\/\/www.radiomoradebre.cat\/wp\/wp-content\/uploads\/2016\/07\/13557803_1042888172414019_1815522339437983872_n.jpg 480w\" sizes=\"auto, (max-width: 300px) 100vw, 300px\" \/><\/a><\/p>\n","protected":false},"excerpt":{"rendered":"<p>HORA M\u00d3RA D&#8217;EBRE. La Uni\u00f3 de Botiguers de M\u00f3ra d&#8217;Ebre enceta avui la segona setmana solid\u00e0ria amb el Jeroni de Moragas, al programa d&#8217;avui ens ha acompanyat la presidenta de l&#8217;entitat Clara Rodr\u00edguez per explicar-nos com ho hem de fer &hellip; <a href=\"https:\/\/www.radiomoradebre.cat\/wp\/2016\/07\/11\/entrevista-clara-rodriguez-11-7-16\/\">Continue reading <span class=\"meta-nav\">&rarr;<\/span><\/a><\/p>\n","protected":false},"author":3,"featured_media":0,"comment_status":"closed","ping_status":"open","sticky":false,"template":"","format":"standard","meta":{"footnotes":""},"categories":[12],"tags":[7878,244,1757,1224,2907,57,2849,1249,7877,1033],"class_list":["post-22604","post","type-post","status-publish","format-standard","hentry","category-horamoradebre","tag-associacio-jeroni-de-moragas","tag-clara-rodriguez","tag-comerc","tag-compra","tag-jeroni-de-moragas","tag-mora-debre","tag-obra-social-la-caixa","tag-rebaixes","tag-setmana-solidaria","tag-unio-de-botiguers"],"_links":{"self":[{"href":"https:\/\/www.radiomoradebre.cat\/wp\/wp-json\/wp\/v2\/posts\/22604","targetHints":{"allow":["GET"]}}],"collection":[{"href":"https:\/\/www.radiomoradebre.cat\/wp\/wp-json\/wp\/v2\/posts"}],"about":[{"href":"https:\/\/www.radiomoradebre.cat\/wp\/wp-json\/wp\/v2\/types\/post"}],"author":[{"embeddable":true,"href":"https:\/\/www.radiomoradebre.cat\/wp\/wp-json\/wp\/v2\/users\/3"}],"replies":[{"embeddable":true,"href":"https:\/\/www.radiomoradebre.cat\/wp\/wp-json\/wp\/v2\/comments?post=22604"}],"version-history":[{"count":1,"href":"https:\/\/www.radiomoradebre.cat\/wp\/wp-json\/wp\/v2\/posts\/22604\/revisions"}],"predecessor-version":[{"id":22606,"href":"https:\/\/www.radiomoradebre.cat\/wp\/wp-json\/wp\/v2\/posts\/22604\/revisions\/22606"}],"wp:attachment":[{"href":"https:\/\/www.radiomoradebre.cat\/wp\/wp-json\/wp\/v2\/media?parent=22604"}],"wp:term":[{"taxonomy":"category","embeddable":true,"href":"https:\/\/www.radiomoradebre.cat\/wp\/wp-json\/wp\/v2\/categories?post=22604"},{"taxonomy":"post_tag","embeddable":true,"href":"https:\/\/www.radiomoradebre.cat\/wp\/wp-json\/wp\/v2\/tags?post=22604"}],"curies":[{"name":"wp","href":"https:\/\/api.w.org\/{rel}","templated":true}]}}