
{"id":22576,"date":"2016-07-11T10:58:42","date_gmt":"2016-07-11T08:58:42","guid":{"rendered":"http:\/\/radiomoradebre.cat\/wp\/?p=22576"},"modified":"2016-07-11T10:58:42","modified_gmt":"2016-07-11T08:58:42","slug":"la-calor-protagonista-del-cap-de-setmana","status":"publish","type":"post","link":"https:\/\/www.radiomoradebre.cat\/wp\/2016\/07\/11\/la-calor-protagonista-del-cap-de-setmana\/","title":{"rendered":"La calor, protagonista del cap de setmana."},"content":{"rendered":"<p><em><strong>Cap de setmana calor\u00f3s amb temperatures que gaireb\u00e9 freguen els 40 graus. Vinebre ha registrat la temperatura m\u00e9s elevada del territori arribant als 38.6\u00baC ahir diumenge al migdia. <\/strong><\/em><\/p>\n<p>ADRIANA MONCL\u00daS<\/p>\n<p><a href=\"http:\/\/radiomoradebre.cat\/wp\/wp-content\/uploads\/2016\/07\/CRO-11-7-16-TEMPERATURES-FINDE-ALTES.mp3\">CRO 11-7-16 TEMPERATURES FINDE ALTES<\/a><\/p>\n<p><a href=\"http:\/\/radiomoradebre.cat\/wp\/wp-content\/uploads\/2016\/07\/golpe-de-calor.jpg\"><img loading=\"lazy\" decoding=\"async\" class=\"aligncenter size-medium wp-image-22577\" src=\"http:\/\/radiomoradebre.cat\/wp\/wp-content\/uploads\/2016\/07\/golpe-de-calor-300x225.jpg\" alt=\"golpe-de-calor\" width=\"300\" height=\"225\" srcset=\"https:\/\/www.radiomoradebre.cat\/wp\/wp-content\/uploads\/2016\/07\/golpe-de-calor-300x225.jpg 300w, https:\/\/www.radiomoradebre.cat\/wp\/wp-content\/uploads\/2016\/07\/golpe-de-calor.jpg 475w\" sizes=\"auto, (max-width: 300px) 100vw, 300px\" \/><\/a><\/p>\n","protected":false},"excerpt":{"rendered":"<p>Cap de setmana calor\u00f3s amb temperatures que gaireb\u00e9 freguen els 40 graus. Vinebre ha registrat la temperatura m\u00e9s elevada del territori arribant als 38.6\u00baC ahir diumenge al migdia. ADRIANA MONCL\u00daS CRO 11-7-16 TEMPERATURES FINDE ALTES<\/p>\n","protected":false},"author":3,"featured_media":0,"comment_status":"closed","ping_status":"open","sticky":false,"template":"","format":"standard","meta":{"footnotes":""},"categories":[2],"tags":[7872,1278,5953,1145,1279,109,296],"class_list":["post-22576","post","type-post","status-publish","format-standard","hentry","category-noticies","tag-40-graus","tag-calor","tag-el-masroig","tag-estiu","tag-temperatures","tag-torroja-del-priorat","tag-vinebre"],"_links":{"self":[{"href":"https:\/\/www.radiomoradebre.cat\/wp\/wp-json\/wp\/v2\/posts\/22576","targetHints":{"allow":["GET"]}}],"collection":[{"href":"https:\/\/www.radiomoradebre.cat\/wp\/wp-json\/wp\/v2\/posts"}],"about":[{"href":"https:\/\/www.radiomoradebre.cat\/wp\/wp-json\/wp\/v2\/types\/post"}],"author":[{"embeddable":true,"href":"https:\/\/www.radiomoradebre.cat\/wp\/wp-json\/wp\/v2\/users\/3"}],"replies":[{"embeddable":true,"href":"https:\/\/www.radiomoradebre.cat\/wp\/wp-json\/wp\/v2\/comments?post=22576"}],"version-history":[{"count":1,"href":"https:\/\/www.radiomoradebre.cat\/wp\/wp-json\/wp\/v2\/posts\/22576\/revisions"}],"predecessor-version":[{"id":22578,"href":"https:\/\/www.radiomoradebre.cat\/wp\/wp-json\/wp\/v2\/posts\/22576\/revisions\/22578"}],"wp:attachment":[{"href":"https:\/\/www.radiomoradebre.cat\/wp\/wp-json\/wp\/v2\/media?parent=22576"}],"wp:term":[{"taxonomy":"category","embeddable":true,"href":"https:\/\/www.radiomoradebre.cat\/wp\/wp-json\/wp\/v2\/categories?post=22576"},{"taxonomy":"post_tag","embeddable":true,"href":"https:\/\/www.radiomoradebre.cat\/wp\/wp-json\/wp\/v2\/tags?post=22576"}],"curies":[{"name":"wp","href":"https:\/\/api.w.org\/{rel}","templated":true}]}}