
{"id":22553,"date":"2016-07-08T14:58:33","date_gmt":"2016-07-08T12:58:33","guid":{"rendered":"http:\/\/radiomoradebre.cat\/wp\/?p=22553"},"modified":"2016-07-08T14:58:33","modified_gmt":"2016-07-08T12:58:33","slug":"atraquen-una-sucursal-bancaria-a-corbera-debre","status":"publish","type":"post","link":"https:\/\/www.radiomoradebre.cat\/wp\/2016\/07\/08\/atraquen-una-sucursal-bancaria-a-corbera-debre\/","title":{"rendered":"Atraquen una sucursal banc\u00e0ria a Corbera d&#8217;Ebre."},"content":{"rendered":"<p><em><strong>Un home atraca amb una destral una sucursal d&#8217;una entitat banc\u00e0ria a Corbera d&#8217;Ebre. Els fets van succeir el dijous 7 de juliol al migdia, quan l&#8217;home va amena\u00e7ar els treballadors amb l&#8217;objectiu que li donessin diners. Es va endur un bot\u00ed de 300 euros. S&#8217;ha obert una investigaci\u00f3 per buscar l&#8217;autor del robatori.\u00a0<\/strong><\/em><\/p>\n<p><a href=\"http:\/\/radiomoradebre.cat\/wp\/wp-content\/uploads\/2016\/07\/CRO-8-7-16-ATRAQUEN-BANC-CORBERA.mp3\">CRO 8-7-16 ATRAQUEN BANC CORBERA<\/a><\/p>\n<p>&nbsp;<\/p>\n","protected":false},"excerpt":{"rendered":"<p>Un home atraca amb una destral una sucursal d&#8217;una entitat banc\u00e0ria a Corbera d&#8217;Ebre. Els fets van succeir el dijous 7 de juliol al migdia, quan l&#8217;home va amena\u00e7ar els treballadors amb l&#8217;objectiu que li donessin diners. Es va endur &hellip; <a href=\"https:\/\/www.radiomoradebre.cat\/wp\/2016\/07\/08\/atraquen-una-sucursal-bancaria-a-corbera-debre\/\">Continue reading <span class=\"meta-nav\">&rarr;<\/span><\/a><\/p>\n","protected":false},"author":3,"featured_media":0,"comment_status":"closed","ping_status":"open","sticky":false,"template":"","format":"standard","meta":{"footnotes":""},"categories":[2],"tags":[7842,1346,492,7843,1505,26],"class_list":["post-22553","post","type-post","status-publish","format-standard","hentry","category-noticies","tag-atrac","tag-banc","tag-corbera-debre","tag-destral","tag-policia","tag-terra-alta"],"_links":{"self":[{"href":"https:\/\/www.radiomoradebre.cat\/wp\/wp-json\/wp\/v2\/posts\/22553","targetHints":{"allow":["GET"]}}],"collection":[{"href":"https:\/\/www.radiomoradebre.cat\/wp\/wp-json\/wp\/v2\/posts"}],"about":[{"href":"https:\/\/www.radiomoradebre.cat\/wp\/wp-json\/wp\/v2\/types\/post"}],"author":[{"embeddable":true,"href":"https:\/\/www.radiomoradebre.cat\/wp\/wp-json\/wp\/v2\/users\/3"}],"replies":[{"embeddable":true,"href":"https:\/\/www.radiomoradebre.cat\/wp\/wp-json\/wp\/v2\/comments?post=22553"}],"version-history":[{"count":1,"href":"https:\/\/www.radiomoradebre.cat\/wp\/wp-json\/wp\/v2\/posts\/22553\/revisions"}],"predecessor-version":[{"id":22554,"href":"https:\/\/www.radiomoradebre.cat\/wp\/wp-json\/wp\/v2\/posts\/22553\/revisions\/22554"}],"wp:attachment":[{"href":"https:\/\/www.radiomoradebre.cat\/wp\/wp-json\/wp\/v2\/media?parent=22553"}],"wp:term":[{"taxonomy":"category","embeddable":true,"href":"https:\/\/www.radiomoradebre.cat\/wp\/wp-json\/wp\/v2\/categories?post=22553"},{"taxonomy":"post_tag","embeddable":true,"href":"https:\/\/www.radiomoradebre.cat\/wp\/wp-json\/wp\/v2\/tags?post=22553"}],"curies":[{"name":"wp","href":"https:\/\/api.w.org\/{rel}","templated":true}]}}