
{"id":22172,"date":"2016-06-14T12:44:38","date_gmt":"2016-06-14T10:44:38","guid":{"rendered":"http:\/\/radiomoradebre.cat\/wp\/?p=22172"},"modified":"2016-06-14T12:44:38","modified_gmt":"2016-06-14T10:44:38","slug":"esports-amb-maria-rosa-garcia-13-6-16","status":"publish","type":"post","link":"https:\/\/www.radiomoradebre.cat\/wp\/2016\/06\/14\/esports-amb-maria-rosa-garcia-13-6-16\/","title":{"rendered":"Esports amb Maria Rosa Garcia (13-6-16)"},"content":{"rendered":"<p>ESPORTS. Aquest dilluns hem passat una bona estona als esports amb Francesc Granell parlant de futbol sala, ens ha acompanyat la presidenta del Futbol Sala Riba-roja d&#8217;Ebre la Maria Rosa Garcia. Tamb\u00e9 hem escoltat l&#8217;entrevista que vam enregistrar a Julio Alberto en la presentaci\u00f3 de &#8220;Nunca recordar\u00e9 haber muerto&#8221; a Ginestar.<\/p>\n<p><a href=\"http:\/\/radiomoradebre.cat\/wp\/wp-content\/uploads\/2016\/06\/ESPORTS-13-6-16-FUTBOL-SALA-RIBA-ROJA-I-JULIO-ALBERTO.mp3\">ESPORTS 13-6-16 FUTBOL SALA RIBA-ROJA I JULIO ALBERTO<\/a><\/p>\n<p><a href=\"http:\/\/radiomoradebre.cat\/wp\/wp-content\/uploads\/2016\/06\/IMG_5887.jpg\"><img loading=\"lazy\" decoding=\"async\" class=\"aligncenter size-medium wp-image-22173\" src=\"http:\/\/radiomoradebre.cat\/wp\/wp-content\/uploads\/2016\/06\/IMG_5887-300x225.jpg\" alt=\"IMG_5887\" width=\"300\" height=\"225\" srcset=\"https:\/\/www.radiomoradebre.cat\/wp\/wp-content\/uploads\/2016\/06\/IMG_5887-300x225.jpg 300w, https:\/\/www.radiomoradebre.cat\/wp\/wp-content\/uploads\/2016\/06\/IMG_5887-768x576.jpg 768w, https:\/\/www.radiomoradebre.cat\/wp\/wp-content\/uploads\/2016\/06\/IMG_5887-1024x768.jpg 1024w, https:\/\/www.radiomoradebre.cat\/wp\/wp-content\/uploads\/2016\/06\/IMG_5887.jpg 1600w\" sizes=\"auto, (max-width: 300px) 100vw, 300px\" \/><\/a><\/p>\n","protected":false},"excerpt":{"rendered":"<p>ESPORTS. Aquest dilluns hem passat una bona estona als esports amb Francesc Granell parlant de futbol sala, ens ha acompanyat la presidenta del Futbol Sala Riba-roja d&#8217;Ebre la Maria Rosa Garcia. Tamb\u00e9 hem escoltat l&#8217;entrevista que vam enregistrar a Julio &hellip; <a href=\"https:\/\/www.radiomoradebre.cat\/wp\/2016\/06\/14\/esports-amb-maria-rosa-garcia-13-6-16\/\">Continue reading <span class=\"meta-nav\">&rarr;<\/span><\/a><\/p>\n","protected":false},"author":3,"featured_media":0,"comment_status":"closed","ping_status":"open","sticky":false,"template":"","format":"standard","meta":{"footnotes":""},"categories":[12],"tags":[4620,4025,1060,93,3581,1265,2380,7555,1354,7531,7554,7556,2836,71],"class_list":["post-22172","post","type-post","status-publish","format-standard","hentry","category-horamoradebre","tag-asco-b","tag-atletics-de-mora-la-nova","tag-esports","tag-flix","tag-francesc-granell","tag-futbol","tag-futbol-sala","tag-futbol-sala-riba-roja-debre","tag-handbol","tag-julio-alberto","tag-maria-rosa-garcia","tag-nunca-recordare-haber-muerto","tag-salou","tag-tortosa"],"_links":{"self":[{"href":"https:\/\/www.radiomoradebre.cat\/wp\/wp-json\/wp\/v2\/posts\/22172","targetHints":{"allow":["GET"]}}],"collection":[{"href":"https:\/\/www.radiomoradebre.cat\/wp\/wp-json\/wp\/v2\/posts"}],"about":[{"href":"https:\/\/www.radiomoradebre.cat\/wp\/wp-json\/wp\/v2\/types\/post"}],"author":[{"embeddable":true,"href":"https:\/\/www.radiomoradebre.cat\/wp\/wp-json\/wp\/v2\/users\/3"}],"replies":[{"embeddable":true,"href":"https:\/\/www.radiomoradebre.cat\/wp\/wp-json\/wp\/v2\/comments?post=22172"}],"version-history":[{"count":1,"href":"https:\/\/www.radiomoradebre.cat\/wp\/wp-json\/wp\/v2\/posts\/22172\/revisions"}],"predecessor-version":[{"id":22174,"href":"https:\/\/www.radiomoradebre.cat\/wp\/wp-json\/wp\/v2\/posts\/22172\/revisions\/22174"}],"wp:attachment":[{"href":"https:\/\/www.radiomoradebre.cat\/wp\/wp-json\/wp\/v2\/media?parent=22172"}],"wp:term":[{"taxonomy":"category","embeddable":true,"href":"https:\/\/www.radiomoradebre.cat\/wp\/wp-json\/wp\/v2\/categories?post=22172"},{"taxonomy":"post_tag","embeddable":true,"href":"https:\/\/www.radiomoradebre.cat\/wp\/wp-json\/wp\/v2\/tags?post=22172"}],"curies":[{"name":"wp","href":"https:\/\/api.w.org\/{rel}","templated":true}]}}