
{"id":21954,"date":"2016-05-31T20:13:45","date_gmt":"2016-05-31T18:13:45","guid":{"rendered":"http:\/\/radiomoradebre.cat\/wp\/?p=21954"},"modified":"2016-05-31T20:13:45","modified_gmt":"2016-05-31T18:13:45","slug":"dos-regidors-de-tivissa-visiten-una-antiga-zona-nuclear-dalemanya","status":"publish","type":"post","link":"https:\/\/www.radiomoradebre.cat\/wp\/2016\/05\/31\/dos-regidors-de-tivissa-visiten-una-antiga-zona-nuclear-dalemanya\/","title":{"rendered":"Dos regidors de Tivissa visiten una antiga zona nuclear d&#8217;Alemanya"},"content":{"rendered":"<p><strong><em>Dos regidors de l&#8217;Ajuntament de Tivissa han visitat la ciutat alemanya de Lubmin per estudiar la seva experi\u00e8ncia de diversificaci\u00f3 econ\u00f2mica arran del tancament d&#8217;una central nuclear. La visita s&#8217;ha dut a terme mitjan\u00e7ant la mancomunitat MIDIT, que agrupa els municipis de Tivissa, Pratdip i Vandell\u00f2s-l&#8217;Hospitalet de l&#8217;Infant.<\/em><\/strong><\/p>\n<p>ANDREU PRUNERA<\/p>\n<p><a href=\"http:\/\/radiomoradebre.cat\/wp\/wp-content\/uploads\/2016\/05\/CRO-31-05-16-regidors-tivissa.mp3\">CRO 31-05-16 regidors tivissa<\/a><\/p>\n<p><a href=\"http:\/\/radiomoradebre.cat\/wp\/wp-content\/uploads\/2016\/05\/24-05-16-Visita-regidors-Aj-Tivissa-Alemanya-1.jpg\"><img loading=\"lazy\" decoding=\"async\" class=\"aligncenter size-medium wp-image-21957\" src=\"http:\/\/radiomoradebre.cat\/wp\/wp-content\/uploads\/2016\/05\/24-05-16-Visita-regidors-Aj-Tivissa-Alemanya-1-300x225.jpg\" alt=\"24-05-16 Visita regidors Aj Tivissa Alemanya (1)\" width=\"300\" height=\"225\" srcset=\"https:\/\/www.radiomoradebre.cat\/wp\/wp-content\/uploads\/2016\/05\/24-05-16-Visita-regidors-Aj-Tivissa-Alemanya-1-300x225.jpg 300w, https:\/\/www.radiomoradebre.cat\/wp\/wp-content\/uploads\/2016\/05\/24-05-16-Visita-regidors-Aj-Tivissa-Alemanya-1-768x576.jpg 768w, https:\/\/www.radiomoradebre.cat\/wp\/wp-content\/uploads\/2016\/05\/24-05-16-Visita-regidors-Aj-Tivissa-Alemanya-1-1024x768.jpg 1024w\" sizes=\"auto, (max-width: 300px) 100vw, 300px\" \/><\/a><\/p>\n","protected":false},"excerpt":{"rendered":"<p>Dos regidors de l&#8217;Ajuntament de Tivissa han visitat la ciutat alemanya de Lubmin per estudiar la seva experi\u00e8ncia de diversificaci\u00f3 econ\u00f2mica arran del tancament d&#8217;una central nuclear. La visita s&#8217;ha dut a terme mitjan\u00e7ant la mancomunitat MIDIT, que agrupa els &hellip; <a href=\"https:\/\/www.radiomoradebre.cat\/wp\/2016\/05\/31\/dos-regidors-de-tivissa-visiten-una-antiga-zona-nuclear-dalemanya\/\">Continue reading <span class=\"meta-nav\">&rarr;<\/span><\/a><\/p>\n","protected":false},"author":3,"featured_media":0,"comment_status":"closed","ping_status":"open","sticky":false,"template":"","format":"standard","meta":{"footnotes":""},"categories":[2],"tags":[1583,6671,5027,959,118,7405,5119,1119,96,329],"class_list":["post-21954","post","type-post","status-publish","format-standard","hentry","category-noticies","tag-central-nuclear","tag-desenvolupament-economic","tag-diversificacio","tag-economia","tag-jordi-jardi","tag-mancomunitat","tag-midit","tag-nuclears","tag-ribera-debre","tag-tivissa"],"_links":{"self":[{"href":"https:\/\/www.radiomoradebre.cat\/wp\/wp-json\/wp\/v2\/posts\/21954","targetHints":{"allow":["GET"]}}],"collection":[{"href":"https:\/\/www.radiomoradebre.cat\/wp\/wp-json\/wp\/v2\/posts"}],"about":[{"href":"https:\/\/www.radiomoradebre.cat\/wp\/wp-json\/wp\/v2\/types\/post"}],"author":[{"embeddable":true,"href":"https:\/\/www.radiomoradebre.cat\/wp\/wp-json\/wp\/v2\/users\/3"}],"replies":[{"embeddable":true,"href":"https:\/\/www.radiomoradebre.cat\/wp\/wp-json\/wp\/v2\/comments?post=21954"}],"version-history":[{"count":1,"href":"https:\/\/www.radiomoradebre.cat\/wp\/wp-json\/wp\/v2\/posts\/21954\/revisions"}],"predecessor-version":[{"id":21958,"href":"https:\/\/www.radiomoradebre.cat\/wp\/wp-json\/wp\/v2\/posts\/21954\/revisions\/21958"}],"wp:attachment":[{"href":"https:\/\/www.radiomoradebre.cat\/wp\/wp-json\/wp\/v2\/media?parent=21954"}],"wp:term":[{"taxonomy":"category","embeddable":true,"href":"https:\/\/www.radiomoradebre.cat\/wp\/wp-json\/wp\/v2\/categories?post=21954"},{"taxonomy":"post_tag","embeddable":true,"href":"https:\/\/www.radiomoradebre.cat\/wp\/wp-json\/wp\/v2\/tags?post=21954"}],"curies":[{"name":"wp","href":"https:\/\/api.w.org\/{rel}","templated":true}]}}