
{"id":21858,"date":"2016-05-25T19:23:03","date_gmt":"2016-05-25T17:23:03","guid":{"rendered":"http:\/\/radiomoradebre.cat\/wp\/?p=21858"},"modified":"2016-05-25T19:23:03","modified_gmt":"2016-05-25T17:23:03","slug":"judith-sans-debutara-amb-la-seleccio-absoluta-dhandbol-femeni","status":"publish","type":"post","link":"https:\/\/www.radiomoradebre.cat\/wp\/2016\/05\/25\/judith-sans-debutara-amb-la-seleccio-absoluta-dhandbol-femeni\/","title":{"rendered":"Judith Sans debutar\u00e0 amb la selecci\u00f3 absoluta d&#8217;handbol femen\u00ed"},"content":{"rendered":"<p><em><strong>L\u2019asconenca Judith Sans jugar\u00e0 amb la selecci\u00f3 espanyola ABSOLUTA d\u2019handbol femen\u00ed els dos darrers partits de classificaci\u00f3 per l\u2019europeu d\u2019aquest estiu. La pivot de la Ribera d\u2019Ebre \u00e9s la principal novetat de les guerreres per afrontar els dos \u00faltims partits, contra \u00c0ustria i Bulg\u00e0ria.<\/strong><\/em><\/p>\n<p><em><strong>La selecci\u00f3\u00a0jugar\u00e0 el proper 1 de juny el seu partit contra \u00c0ustria, i el dia 4 s\u2019enforntar\u00e0 a Bulg\u00e0ria.\u00a0A m\u00e9s, l\u2019equip de Judith Sans, el Bera Bera \u2013de Donosti- \u00e9s l\u00edder a la lliga i podria proclamar-se campi\u00f3 si aquest dissabte guanya a casa contra l\u2019Alcovendas.<\/strong><\/em><\/p>\n<p>ANDREU PRUNERA<\/p>\n<p><a href=\"http:\/\/radiomoradebre.cat\/wp\/wp-content\/uploads\/2016\/05\/CRO-25-05-16-judith-sans.mp3\">CRO 25-05-16 judith sans<\/a><\/p>\n<p><a href=\"http:\/\/radiomoradebre.cat\/wp\/wp-content\/uploads\/2016\/05\/judithsans1.jpg\"><img loading=\"lazy\" decoding=\"async\" class=\"aligncenter size-medium wp-image-21860\" src=\"http:\/\/radiomoradebre.cat\/wp\/wp-content\/uploads\/2016\/05\/judithsans1-300x109.jpg\" alt=\"judithsans1\" width=\"300\" height=\"109\" srcset=\"https:\/\/www.radiomoradebre.cat\/wp\/wp-content\/uploads\/2016\/05\/judithsans1-300x109.jpg 300w, https:\/\/www.radiomoradebre.cat\/wp\/wp-content\/uploads\/2016\/05\/judithsans1-768x278.jpg 768w, https:\/\/www.radiomoradebre.cat\/wp\/wp-content\/uploads\/2016\/05\/judithsans1.jpg 999w\" sizes=\"auto, (max-width: 300px) 100vw, 300px\" \/><\/a><\/p>\n<p>&nbsp;<\/p>\n","protected":false},"excerpt":{"rendered":"<p>L\u2019asconenca Judith Sans jugar\u00e0 amb la selecci\u00f3 espanyola ABSOLUTA d\u2019handbol femen\u00ed els dos darrers partits de classificaci\u00f3 per l\u2019europeu d\u2019aquest estiu. La pivot de la Ribera d\u2019Ebre \u00e9s la principal novetat de les guerreres per afrontar els dos \u00faltims partits, &hellip; <a href=\"https:\/\/www.radiomoradebre.cat\/wp\/2016\/05\/25\/judith-sans-debutara-amb-la-seleccio-absoluta-dhandbol-femeni\/\">Continue reading <span class=\"meta-nav\">&rarr;<\/span><\/a><\/p>\n","protected":false},"author":3,"featured_media":0,"comment_status":"closed","ping_status":"open","sticky":false,"template":"","format":"standard","meta":{"footnotes":""},"categories":[2],"tags":[69,5938,1060,1354,7368,7366,7367],"class_list":["post-21858","post","type-post","status-publish","format-standard","hentry","category-noticies","tag-asco","tag-esportistes","tag-esports","tag-handbol","tag-handbol-femeni","tag-judith-sans","tag-seleccio-espanyola-dhandbol"],"_links":{"self":[{"href":"https:\/\/www.radiomoradebre.cat\/wp\/wp-json\/wp\/v2\/posts\/21858","targetHints":{"allow":["GET"]}}],"collection":[{"href":"https:\/\/www.radiomoradebre.cat\/wp\/wp-json\/wp\/v2\/posts"}],"about":[{"href":"https:\/\/www.radiomoradebre.cat\/wp\/wp-json\/wp\/v2\/types\/post"}],"author":[{"embeddable":true,"href":"https:\/\/www.radiomoradebre.cat\/wp\/wp-json\/wp\/v2\/users\/3"}],"replies":[{"embeddable":true,"href":"https:\/\/www.radiomoradebre.cat\/wp\/wp-json\/wp\/v2\/comments?post=21858"}],"version-history":[{"count":1,"href":"https:\/\/www.radiomoradebre.cat\/wp\/wp-json\/wp\/v2\/posts\/21858\/revisions"}],"predecessor-version":[{"id":21861,"href":"https:\/\/www.radiomoradebre.cat\/wp\/wp-json\/wp\/v2\/posts\/21858\/revisions\/21861"}],"wp:attachment":[{"href":"https:\/\/www.radiomoradebre.cat\/wp\/wp-json\/wp\/v2\/media?parent=21858"}],"wp:term":[{"taxonomy":"category","embeddable":true,"href":"https:\/\/www.radiomoradebre.cat\/wp\/wp-json\/wp\/v2\/categories?post=21858"},{"taxonomy":"post_tag","embeddable":true,"href":"https:\/\/www.radiomoradebre.cat\/wp\/wp-json\/wp\/v2\/tags?post=21858"}],"curies":[{"name":"wp","href":"https:\/\/api.w.org\/{rel}","templated":true}]}}