
{"id":21721,"date":"2016-05-19T12:39:59","date_gmt":"2016-05-19T10:39:59","guid":{"rendered":"http:\/\/radiomoradebre.cat\/wp\/?p=21721"},"modified":"2016-05-19T12:39:59","modified_gmt":"2016-05-19T10:39:59","slug":"el-festival-tarraco-viva-desembarca-dissabte-a-falset","status":"publish","type":"post","link":"https:\/\/www.radiomoradebre.cat\/wp\/2016\/05\/19\/el-festival-tarraco-viva-desembarca-dissabte-a-falset\/","title":{"rendered":"El festival Tarraco Viva desembarca dissabte a Falset"},"content":{"rendered":"<p><em><strong>El castell del vi de Falset acollir\u00e0 aquest dissabte un dels espectacles del festival Tarraco Viva d&#8217;enguany. Ser\u00e0 la representaci\u00f3 Domi Maecenatis, que narra la vida dels mecenes romans i la hist\u00f2ria de les representacions de com\u00e8dia romana.<\/strong><\/em><\/p>\n<p>ANDREU PRUNERA<\/p>\n<p><a href=\"http:\/\/radiomoradebre.cat\/wp\/wp-content\/uploads\/2016\/05\/CRO-19-05-16-tarraco-viva.mp3\">CRO 19-05-16 tarraco viva<\/a><\/p>\n<p><a href=\"http:\/\/radiomoradebre.cat\/wp\/wp-content\/uploads\/2016\/05\/domi-maecenatis.jpg\"><img loading=\"lazy\" decoding=\"async\" class=\"aligncenter size-medium wp-image-21723\" src=\"http:\/\/radiomoradebre.cat\/wp\/wp-content\/uploads\/2016\/05\/domi-maecenatis-300x200.jpg\" alt=\"domi maecenatis\" width=\"300\" height=\"200\" srcset=\"https:\/\/www.radiomoradebre.cat\/wp\/wp-content\/uploads\/2016\/05\/domi-maecenatis-300x200.jpg 300w, https:\/\/www.radiomoradebre.cat\/wp\/wp-content\/uploads\/2016\/05\/domi-maecenatis.jpg 768w\" sizes=\"auto, (max-width: 300px) 100vw, 300px\" \/><\/a><\/p>\n","protected":false},"excerpt":{"rendered":"<p>El castell del vi de Falset acollir\u00e0 aquest dissabte un dels espectacles del festival Tarraco Viva d&#8217;enguany. Ser\u00e0 la representaci\u00f3 Domi Maecenatis, que narra la vida dels mecenes romans i la hist\u00f2ria de les representacions de com\u00e8dia romana. ANDREU PRUNERA &hellip; <a href=\"https:\/\/www.radiomoradebre.cat\/wp\/2016\/05\/19\/el-festival-tarraco-viva-desembarca-dissabte-a-falset\/\">Continue reading <span class=\"meta-nav\">&rarr;<\/span><\/a><\/p>\n","protected":false},"author":3,"featured_media":0,"comment_status":"closed","ping_status":"open","sticky":false,"template":"","format":"standard","meta":{"footnotes":""},"categories":[2],"tags":[797,7285,21,7286,49,2860,2892,1517,1465],"class_list":["post-21721","post","type-post","status-publish","format-standard","hentry","category-noticies","tag-cultura","tag-domi-maecenatis","tag-falset","tag-magi-seritjol","tag-priorat","tag-representacio","tag-tarraco-viva","tag-tarragona","tag-teatre"],"_links":{"self":[{"href":"https:\/\/www.radiomoradebre.cat\/wp\/wp-json\/wp\/v2\/posts\/21721","targetHints":{"allow":["GET"]}}],"collection":[{"href":"https:\/\/www.radiomoradebre.cat\/wp\/wp-json\/wp\/v2\/posts"}],"about":[{"href":"https:\/\/www.radiomoradebre.cat\/wp\/wp-json\/wp\/v2\/types\/post"}],"author":[{"embeddable":true,"href":"https:\/\/www.radiomoradebre.cat\/wp\/wp-json\/wp\/v2\/users\/3"}],"replies":[{"embeddable":true,"href":"https:\/\/www.radiomoradebre.cat\/wp\/wp-json\/wp\/v2\/comments?post=21721"}],"version-history":[{"count":1,"href":"https:\/\/www.radiomoradebre.cat\/wp\/wp-json\/wp\/v2\/posts\/21721\/revisions"}],"predecessor-version":[{"id":21724,"href":"https:\/\/www.radiomoradebre.cat\/wp\/wp-json\/wp\/v2\/posts\/21721\/revisions\/21724"}],"wp:attachment":[{"href":"https:\/\/www.radiomoradebre.cat\/wp\/wp-json\/wp\/v2\/media?parent=21721"}],"wp:term":[{"taxonomy":"category","embeddable":true,"href":"https:\/\/www.radiomoradebre.cat\/wp\/wp-json\/wp\/v2\/categories?post=21721"},{"taxonomy":"post_tag","embeddable":true,"href":"https:\/\/www.radiomoradebre.cat\/wp\/wp-json\/wp\/v2\/tags?post=21721"}],"curies":[{"name":"wp","href":"https:\/\/api.w.org\/{rel}","templated":true}]}}