
{"id":21708,"date":"2016-05-18T20:13:24","date_gmt":"2016-05-18T18:13:24","guid":{"rendered":"http:\/\/radiomoradebre.cat\/wp\/?p=21708"},"modified":"2016-05-18T20:13:24","modified_gmt":"2016-05-18T18:13:24","slug":"cerima-cherries-duplicara-la-produccio-de-cireres-en-els-propers-quatre-anys","status":"publish","type":"post","link":"https:\/\/www.radiomoradebre.cat\/wp\/2016\/05\/18\/cerima-cherries-duplicara-la-produccio-de-cireres-en-els-propers-quatre-anys\/","title":{"rendered":"Cerima Cherries duplicar\u00e0 la producci\u00f3 de cireres en els propers quatre anys"},"content":{"rendered":"<p><em><strong>L\u2019empresa Cerima Cherries duplicar\u00e0 la producci\u00f3 de cireres durant els propers quatre anys, i preveu arribar a produir 4 milions de kilos de cireres cada any. Per aix\u00f2, la companyia ja compta amb unes 400 hect\u00e0rees plantades en 10 municipis de la Ribera d\u2019Ebre i tamb\u00e9 en altres localitats de la Terra Alta, el Baix Ebre i el Segri\u00e0.<\/strong><\/em><\/p>\n<p><em><strong>Durant la collita, entre els mesos d\u2019abril i juliol, Cerima Cherries compta amb uns 800 treballadors, una xifra que tamb\u00e9 es podria duplicar en els propers anys. L&#8217;empresa exporta prop del 95 per cent de la seua producci\u00f3.<\/strong><\/em><\/p>\n<p>ANDREU PRUNERA<\/p>\n<p><a href=\"http:\/\/radiomoradebre.cat\/wp\/wp-content\/uploads\/2016\/05\/CRO-18-05-16-cerima-cherries.mp3\">CRO 18-05-16 cerima cherries<\/a><\/p>\n<p><a href=\"http:\/\/radiomoradebre.cat\/wp\/wp-content\/uploads\/2016\/05\/cerima_cherries.jpg\"><img loading=\"lazy\" decoding=\"async\" class=\"aligncenter size-medium wp-image-21710\" src=\"http:\/\/radiomoradebre.cat\/wp\/wp-content\/uploads\/2016\/05\/cerima_cherries-300x200.jpg\" alt=\"cerima_cherries\" width=\"300\" height=\"200\" srcset=\"https:\/\/www.radiomoradebre.cat\/wp\/wp-content\/uploads\/2016\/05\/cerima_cherries-300x200.jpg 300w, https:\/\/www.radiomoradebre.cat\/wp\/wp-content\/uploads\/2016\/05\/cerima_cherries.jpg 460w\" sizes=\"auto, (max-width: 300px) 100vw, 300px\" \/><\/a><\/p>\n<p>&nbsp;<\/p>\n","protected":false},"excerpt":{"rendered":"<p>L\u2019empresa Cerima Cherries duplicar\u00e0 la producci\u00f3 de cireres durant els propers quatre anys, i preveu arribar a produir 4 milions de kilos de cireres cada any. Per aix\u00f2, la companyia ja compta amb unes 400 hect\u00e0rees plantades en 10 municipis &hellip; <a href=\"https:\/\/www.radiomoradebre.cat\/wp\/2016\/05\/18\/cerima-cherries-duplicara-la-produccio-de-cireres-en-els-propers-quatre-anys\/\">Continue reading <span class=\"meta-nav\">&rarr;<\/span><\/a><\/p>\n","protected":false},"author":3,"featured_media":0,"comment_status":"closed","ping_status":"open","sticky":false,"template":"","format":"standard","meta":{"footnotes":""},"categories":[2],"tags":[1095,4327,7227,7228,959,1008,659,546,643,96],"class_list":["post-21708","post","type-post","status-publish","format-standard","hentry","category-noticies","tag-agricultura","tag-cerima-cherries","tag-cireres","tag-david-manero","tag-economia","tag-empreses","tag-exportacio","tag-fruita-dolca","tag-productors-fruita-dolca-ribera-debre","tag-ribera-debre"],"_links":{"self":[{"href":"https:\/\/www.radiomoradebre.cat\/wp\/wp-json\/wp\/v2\/posts\/21708","targetHints":{"allow":["GET"]}}],"collection":[{"href":"https:\/\/www.radiomoradebre.cat\/wp\/wp-json\/wp\/v2\/posts"}],"about":[{"href":"https:\/\/www.radiomoradebre.cat\/wp\/wp-json\/wp\/v2\/types\/post"}],"author":[{"embeddable":true,"href":"https:\/\/www.radiomoradebre.cat\/wp\/wp-json\/wp\/v2\/users\/3"}],"replies":[{"embeddable":true,"href":"https:\/\/www.radiomoradebre.cat\/wp\/wp-json\/wp\/v2\/comments?post=21708"}],"version-history":[{"count":1,"href":"https:\/\/www.radiomoradebre.cat\/wp\/wp-json\/wp\/v2\/posts\/21708\/revisions"}],"predecessor-version":[{"id":21711,"href":"https:\/\/www.radiomoradebre.cat\/wp\/wp-json\/wp\/v2\/posts\/21708\/revisions\/21711"}],"wp:attachment":[{"href":"https:\/\/www.radiomoradebre.cat\/wp\/wp-json\/wp\/v2\/media?parent=21708"}],"wp:term":[{"taxonomy":"category","embeddable":true,"href":"https:\/\/www.radiomoradebre.cat\/wp\/wp-json\/wp\/v2\/categories?post=21708"},{"taxonomy":"post_tag","embeddable":true,"href":"https:\/\/www.radiomoradebre.cat\/wp\/wp-json\/wp\/v2\/tags?post=21708"}],"curies":[{"name":"wp","href":"https:\/\/api.w.org\/{rel}","templated":true}]}}