
{"id":21398,"date":"2016-05-03T12:57:13","date_gmt":"2016-05-03T10:57:13","guid":{"rendered":"http:\/\/radiomoradebre.cat\/wp\/?p=21398"},"modified":"2016-05-03T12:57:13","modified_gmt":"2016-05-03T10:57:13","slug":"primera-cita-dalba-ribas-a-tv3","status":"publish","type":"post","link":"https:\/\/www.radiomoradebre.cat\/wp\/2016\/05\/03\/primera-cita-dalba-ribas-a-tv3\/","title":{"rendered":"Primera cita d&#8217;Alba Ribas a TV3"},"content":{"rendered":"<p><em><strong>L\u2019actriu miravetana Alba Ribas s\u2019ha estrenat aquest dilluns en el primer cap\u00edtol de la segona temporada de la s\u00e8rie Cites, de TV3. La s\u00e8rie tracta de diverses relacions creuades entre gent que es coneix de nou, generalment a trav\u00e9s de les noves tecnologies.<\/strong><\/em><\/p>\n<p>ANDREU PRUNERA<\/p>\n<p><a href=\"http:\/\/radiomoradebre.cat\/wp\/wp-content\/uploads\/2016\/05\/CRO-03-05-16-cites.mp3\">CRO 03-05-16 cites<\/a><\/p>\n<p><a href=\"http:\/\/radiomoradebre.cat\/wp\/wp-content\/uploads\/2016\/05\/cites.jpg\" rel=\"attachment wp-att-21400\"><img loading=\"lazy\" decoding=\"async\" class=\"aligncenter size-medium wp-image-21400\" src=\"http:\/\/radiomoradebre.cat\/wp\/wp-content\/uploads\/2016\/05\/cites-300x300.jpg\" alt=\"cites\" width=\"300\" height=\"300\" srcset=\"https:\/\/www.radiomoradebre.cat\/wp\/wp-content\/uploads\/2016\/05\/cites-300x300.jpg 300w, https:\/\/www.radiomoradebre.cat\/wp\/wp-content\/uploads\/2016\/05\/cites-150x150.jpg 150w, https:\/\/www.radiomoradebre.cat\/wp\/wp-content\/uploads\/2016\/05\/cites.jpg 378w\" sizes=\"auto, (max-width: 300px) 100vw, 300px\" \/><\/a><\/p>\n","protected":false},"excerpt":{"rendered":"<p>L\u2019actriu miravetana Alba Ribas s\u2019ha estrenat aquest dilluns en el primer cap\u00edtol de la segona temporada de la s\u00e8rie Cites, de TV3. La s\u00e8rie tracta de diverses relacions creuades entre gent que es coneix de nou, generalment a trav\u00e9s de &hellip; <a href=\"https:\/\/www.radiomoradebre.cat\/wp\/2016\/05\/03\/primera-cita-dalba-ribas-a-tv3\/\">Continue reading <span class=\"meta-nav\">&rarr;<\/span><\/a><\/p>\n","protected":false},"author":3,"featured_media":0,"comment_status":"closed","ping_status":"open","sticky":false,"template":"","format":"standard","meta":{"footnotes":""},"categories":[2],"tags":[5561,5560,6419,147,1927,6420],"class_list":["post-21398","post","type-post","status-publish","format-standard","hentry","category-noticies","tag-actriu","tag-alba-ribas","tag-cites","tag-miravet","tag-televisio","tag-tv3"],"_links":{"self":[{"href":"https:\/\/www.radiomoradebre.cat\/wp\/wp-json\/wp\/v2\/posts\/21398","targetHints":{"allow":["GET"]}}],"collection":[{"href":"https:\/\/www.radiomoradebre.cat\/wp\/wp-json\/wp\/v2\/posts"}],"about":[{"href":"https:\/\/www.radiomoradebre.cat\/wp\/wp-json\/wp\/v2\/types\/post"}],"author":[{"embeddable":true,"href":"https:\/\/www.radiomoradebre.cat\/wp\/wp-json\/wp\/v2\/users\/3"}],"replies":[{"embeddable":true,"href":"https:\/\/www.radiomoradebre.cat\/wp\/wp-json\/wp\/v2\/comments?post=21398"}],"version-history":[{"count":1,"href":"https:\/\/www.radiomoradebre.cat\/wp\/wp-json\/wp\/v2\/posts\/21398\/revisions"}],"predecessor-version":[{"id":21401,"href":"https:\/\/www.radiomoradebre.cat\/wp\/wp-json\/wp\/v2\/posts\/21398\/revisions\/21401"}],"wp:attachment":[{"href":"https:\/\/www.radiomoradebre.cat\/wp\/wp-json\/wp\/v2\/media?parent=21398"}],"wp:term":[{"taxonomy":"category","embeddable":true,"href":"https:\/\/www.radiomoradebre.cat\/wp\/wp-json\/wp\/v2\/categories?post=21398"},{"taxonomy":"post_tag","embeddable":true,"href":"https:\/\/www.radiomoradebre.cat\/wp\/wp-json\/wp\/v2\/tags?post=21398"}],"curies":[{"name":"wp","href":"https:\/\/api.w.org\/{rel}","templated":true}]}}