
{"id":20994,"date":"2016-04-14T12:32:42","date_gmt":"2016-04-14T10:32:42","guid":{"rendered":"http:\/\/radiomoradebre.cat\/wp\/?p=20994"},"modified":"2016-04-14T12:35:25","modified_gmt":"2016-04-14T10:35:25","slug":"el-celler-cooperatiu-cent-anys-de-magia-la-historia-del-celler-cooperatiu-de-gandesa-en-un-conte","status":"publish","type":"post","link":"https:\/\/www.radiomoradebre.cat\/wp\/2016\/04\/14\/el-celler-cooperatiu-cent-anys-de-magia-la-historia-del-celler-cooperatiu-de-gandesa-en-un-conte\/","title":{"rendered":"\u201cEl celler cooperatiu, cent anys de m\u00e0gia\u201d: la hist\u00f2ria del Celler Cooperatiu de Gandesa en un conte."},"content":{"rendered":"<p><em><strong>Dos gandesans realitzen un conte per explicar la historia de com es va construir la Cooperativa de Gandesa. Al 2019 es compleixen 100 anys de la construcci\u00f3 d\u2019aquesta catedral del vi obra del c\u00e8lebre arquitecte C\u00e8sar Martinell.<\/strong><\/em><\/p>\n<p>R\u00c0DIO M\u00d3RA D&#8217;EBRE &#8211; SER<\/p>\n<p><a href=\"http:\/\/radiomoradebre.cat\/wp\/wp-content\/uploads\/2016\/04\/CRO-14-04-16-celler-gandesa.mp3\">CRO 14-04-16 celler gandesa<\/a><\/p>\n<p><a href=\"http:\/\/radiomoradebre.cat\/wp\/wp-content\/uploads\/2016\/04\/IMG_4981.png\" rel=\"attachment wp-att-21000\"><img loading=\"lazy\" decoding=\"async\" class=\"aligncenter size-medium wp-image-21000\" src=\"http:\/\/radiomoradebre.cat\/wp\/wp-content\/uploads\/2016\/04\/IMG_4981-169x300.png\" alt=\"IMG_4981\" width=\"169\" height=\"300\" srcset=\"https:\/\/www.radiomoradebre.cat\/wp\/wp-content\/uploads\/2016\/04\/IMG_4981-169x300.png 169w, https:\/\/www.radiomoradebre.cat\/wp\/wp-content\/uploads\/2016\/04\/IMG_4981-577x1024.png 577w, https:\/\/www.radiomoradebre.cat\/wp\/wp-content\/uploads\/2016\/04\/IMG_4981.png 640w\" sizes=\"auto, (max-width: 169px) 100vw, 169px\" \/><\/a><\/p>\n","protected":false},"excerpt":{"rendered":"<p>Dos gandesans realitzen un conte per explicar la historia de com es va construir la Cooperativa de Gandesa. Al 2019 es compleixen 100 anys de la construcci\u00f3 d\u2019aquesta catedral del vi obra del c\u00e8lebre arquitecte C\u00e8sar Martinell. R\u00c0DIO M\u00d3RA D&#8217;EBRE &hellip; <a href=\"https:\/\/www.radiomoradebre.cat\/wp\/2016\/04\/14\/el-celler-cooperatiu-cent-anys-de-magia-la-historia-del-celler-cooperatiu-de-gandesa-en-un-conte\/\">Continue reading <span class=\"meta-nav\">&rarr;<\/span><\/a><\/p>\n","protected":false},"author":3,"featured_media":0,"comment_status":"closed","ping_status":"open","sticky":false,"template":"","format":"standard","meta":{"footnotes":""},"categories":[2],"tags":[6770,776,1010,3267,6956,3045,777,5658,6935,197,926,6771],"class_list":["post-20994","post","type-post","status-publish","format-standard","hentry","category-noticies","tag-angels-cid","tag-catedral-del-vi","tag-celler","tag-celler-cooperatiu-de-gandesa","tag-cent-anys","tag-centenari","tag-cesar-martinell","tag-conte","tag-cooperativa-de-gandesa","tag-gandesa","tag-historia","tag-marc-jornet"],"_links":{"self":[{"href":"https:\/\/www.radiomoradebre.cat\/wp\/wp-json\/wp\/v2\/posts\/20994","targetHints":{"allow":["GET"]}}],"collection":[{"href":"https:\/\/www.radiomoradebre.cat\/wp\/wp-json\/wp\/v2\/posts"}],"about":[{"href":"https:\/\/www.radiomoradebre.cat\/wp\/wp-json\/wp\/v2\/types\/post"}],"author":[{"embeddable":true,"href":"https:\/\/www.radiomoradebre.cat\/wp\/wp-json\/wp\/v2\/users\/3"}],"replies":[{"embeddable":true,"href":"https:\/\/www.radiomoradebre.cat\/wp\/wp-json\/wp\/v2\/comments?post=20994"}],"version-history":[{"count":2,"href":"https:\/\/www.radiomoradebre.cat\/wp\/wp-json\/wp\/v2\/posts\/20994\/revisions"}],"predecessor-version":[{"id":21004,"href":"https:\/\/www.radiomoradebre.cat\/wp\/wp-json\/wp\/v2\/posts\/20994\/revisions\/21004"}],"wp:attachment":[{"href":"https:\/\/www.radiomoradebre.cat\/wp\/wp-json\/wp\/v2\/media?parent=20994"}],"wp:term":[{"taxonomy":"category","embeddable":true,"href":"https:\/\/www.radiomoradebre.cat\/wp\/wp-json\/wp\/v2\/categories?post=20994"},{"taxonomy":"post_tag","embeddable":true,"href":"https:\/\/www.radiomoradebre.cat\/wp\/wp-json\/wp\/v2\/tags?post=20994"}],"curies":[{"name":"wp","href":"https:\/\/api.w.org\/{rel}","templated":true}]}}