
{"id":20603,"date":"2016-03-17T20:13:18","date_gmt":"2016-03-17T19:13:18","guid":{"rendered":"http:\/\/radiomoradebre.cat\/wp\/?p=20603"},"modified":"2016-03-17T20:13:18","modified_gmt":"2016-03-17T19:13:18","slug":"lajuntament-de-flix-lamenta-que-ercros-no-inverteixi-al-municipi-per-traslladar-la-produccio-a-larago","status":"publish","type":"post","link":"https:\/\/www.radiomoradebre.cat\/wp\/2016\/03\/17\/lajuntament-de-flix-lamenta-que-ercros-no-inverteixi-al-municipi-per-traslladar-la-produccio-a-larago\/","title":{"rendered":"L&#8217;Ajuntament de Flix lamenta que Ercros no inverteixi al municipi per traslladar la producci\u00f3 a l&#8217;Arag\u00f3"},"content":{"rendered":"<p><em><strong>L\u2019Ajuntament de Flix lamenta que Ercros estigui deixant morir la seua planta qu\u00edmica del municipi argumentant problemes econ\u00f2mic\u00a0i que, en canvi, faci inversions milion\u00e0ries a la seua factoria de Sabi\u00f1\u00e1nigo, a l\u2019Arag\u00f3.<\/strong><\/em><\/p>\n<p><em><strong>De fet, l\u2019empresa ha anunciat aquesta setmana una injecci\u00f3 de 28 milions d\u2019euros per la seua ind\u00fastria a\u00a0Osca, on es posar\u00e0 en funcionament una nova planta\u00a0de fabricaci\u00f3 de clor i de sosa c\u00e0ustica, els mateixos productes que s\u2019estan produint actualment a Flix, i que deixaran de fabricar-se al desembre del 2017, quan entri en vigor la normativa europea que prohibeix fabricar aquests compostos amb la tecnologia de mercuri.<\/strong><\/em><\/p>\n<p><em><strong>Per tal de poder continuar amb la l\u00ednia del clor a la factoria de Flix, l\u2019empresa hauria de fer una transici\u00f3 cap a la tecnologia de membrana. Des de l\u2019Ajuntament asseguren que aix\u00f2 suposaria un cost d\u2019uns 20 milions d\u2019euros per a l\u2019empresa, que mai s\u2019han volgut invertir argumentant problemes econ\u00f2mics i que ara\u00a0per\u00f2, la companyia ha acabat anunciant que construir\u00e0 una planta de les mateixes caracter\u00edstiques, invertint 28 milions, a Sabi\u00f1\u00e1nigo<\/strong>.\u00a0<\/em><\/p>\n<p><em><strong>Segons l\u2019alcalde de Flix, Marc Mur, l\u2019empresa Ercros est\u00e0 buscant abandonar el municipi i fugir de la contaminaci\u00f3 que ha causat la propia planta qu\u00edmica.<\/strong><\/em><\/p>\n<p><a href=\"http:\/\/radiomoradebre.cat\/wp\/wp-content\/uploads\/2016\/03\/CRO-17-03-16-ercros.mp3\">CRO 17-03-16 ercros<\/a><\/p>\n<p><a href=\"http:\/\/radiomoradebre.cat\/wp\/2016\/03\/17\/lajuntament-de-flix-lamenta-que-ercros-no-inverteixi-al-municipi-per-traslladar-la-produccio-a-larago\/20160316_192144-1\/\" rel=\"attachment wp-att-20605\"><img loading=\"lazy\" decoding=\"async\" class=\"aligncenter size-medium wp-image-20605\" src=\"http:\/\/radiomoradebre.cat\/wp\/wp-content\/uploads\/2016\/03\/20160316_192144-1-300x225.jpg\" alt=\"20160316_192144 (1)\" width=\"300\" height=\"225\" srcset=\"https:\/\/www.radiomoradebre.cat\/wp\/wp-content\/uploads\/2016\/03\/20160316_192144-1-300x225.jpg 300w, https:\/\/www.radiomoradebre.cat\/wp\/wp-content\/uploads\/2016\/03\/20160316_192144-1-768x576.jpg 768w, https:\/\/www.radiomoradebre.cat\/wp\/wp-content\/uploads\/2016\/03\/20160316_192144-1-1024x768.jpg 1024w\" sizes=\"auto, (max-width: 300px) 100vw, 300px\" \/><\/a><\/p>\n<p>&nbsp;<\/p>\n","protected":false},"excerpt":{"rendered":"<p>L\u2019Ajuntament de Flix lamenta que Ercros estigui deixant morir la seua planta qu\u00edmica del municipi argumentant problemes econ\u00f2mic\u00a0i que, en canvi, faci inversions milion\u00e0ries a la seua factoria de Sabi\u00f1\u00e1nigo, a l\u2019Arag\u00f3. De fet, l\u2019empresa ha anunciat aquesta setmana una &hellip; <a href=\"https:\/\/www.radiomoradebre.cat\/wp\/2016\/03\/17\/lajuntament-de-flix-lamenta-que-ercros-no-inverteixi-al-municipi-per-traslladar-la-produccio-a-larago\/\">Continue reading <span class=\"meta-nav\">&rarr;<\/span><\/a><\/p>\n","protected":false},"author":3,"featured_media":0,"comment_status":"closed","ping_status":"open","sticky":false,"template":"","format":"standard","meta":{"footnotes":""},"categories":[2],"tags":[119,1022,143,94,1023,93,974,117,390,96],"class_list":["post-20603","post","type-post","status-publish","format-standard","hentry","category-noticies","tag-ajuntament-de-flix","tag-atur","tag-contaminacio","tag-ercros","tag-feina","tag-flix","tag-industria","tag-marc-mur","tag-ocupacio","tag-ribera-debre"],"_links":{"self":[{"href":"https:\/\/www.radiomoradebre.cat\/wp\/wp-json\/wp\/v2\/posts\/20603","targetHints":{"allow":["GET"]}}],"collection":[{"href":"https:\/\/www.radiomoradebre.cat\/wp\/wp-json\/wp\/v2\/posts"}],"about":[{"href":"https:\/\/www.radiomoradebre.cat\/wp\/wp-json\/wp\/v2\/types\/post"}],"author":[{"embeddable":true,"href":"https:\/\/www.radiomoradebre.cat\/wp\/wp-json\/wp\/v2\/users\/3"}],"replies":[{"embeddable":true,"href":"https:\/\/www.radiomoradebre.cat\/wp\/wp-json\/wp\/v2\/comments?post=20603"}],"version-history":[{"count":2,"href":"https:\/\/www.radiomoradebre.cat\/wp\/wp-json\/wp\/v2\/posts\/20603\/revisions"}],"predecessor-version":[{"id":20607,"href":"https:\/\/www.radiomoradebre.cat\/wp\/wp-json\/wp\/v2\/posts\/20603\/revisions\/20607"}],"wp:attachment":[{"href":"https:\/\/www.radiomoradebre.cat\/wp\/wp-json\/wp\/v2\/media?parent=20603"}],"wp:term":[{"taxonomy":"category","embeddable":true,"href":"https:\/\/www.radiomoradebre.cat\/wp\/wp-json\/wp\/v2\/categories?post=20603"},{"taxonomy":"post_tag","embeddable":true,"href":"https:\/\/www.radiomoradebre.cat\/wp\/wp-json\/wp\/v2\/tags?post=20603"}],"curies":[{"name":"wp","href":"https:\/\/api.w.org\/{rel}","templated":true}]}}