
{"id":2041,"date":"2013-05-14T10:24:01","date_gmt":"2013-05-14T08:24:01","guid":{"rendered":"http:\/\/radiomoradebre.cat\/wp\/?p=2041"},"modified":"2013-05-14T10:24:01","modified_gmt":"2013-05-14T08:24:01","slug":"extingit-lincendi-del-perello-que-ha-cremat-3-hectarees","status":"publish","type":"post","link":"https:\/\/www.radiomoradebre.cat\/wp\/2013\/05\/14\/extingit-lincendi-del-perello-que-ha-cremat-3-hectarees\/","title":{"rendered":"Extingit l&#8217;incendi del Perell\u00f3 que ha cremat 3 hect\u00e0rees"},"content":{"rendered":"<p><em><strong>Extingit l\u2019incendi que es va iniciar ahir al migdia al Perell\u00f3, i que finalment ha acabat cremant 3 hect\u00e0rees de massa forestal. <\/strong><\/em><\/p>\n<p>Tot plegat quan aquesta setmana es compleix un any de l\u2019incendi que va arrasar m\u00e9s de 3 mil hect\u00e0rees de vegetaci\u00f3 dels municipis de Rasquera i Perell\u00f3. De ben segur que ahir al migdia la por es va tornar a posar al cos dels habitants de la zona, quan es va decretar aquest nou incendi al Perell\u00f3, entre les partides del Tossal del Junc i la Resplanada, al marge dret de la carretera TV 30 22 entre el Perell\u00f3 i Rasquera.<\/p>\n<p>Afortunadament els Bombers de la Generalitat van poder controlar r\u00e0pidament el foc, que vora les 5 de la tarda ja estava totalment controlat. Un foc que ha cremat unes 3 hect\u00e0rees de vegetaci\u00f3. Tots els efectius despla\u00e7ats a la zona ja han estat retirats.<\/p>\n<p>Un incendi en el que cal destacar que no hi ha hagut persones afectades.<\/p>\n","protected":false},"excerpt":{"rendered":"<p>Extingit l\u2019incendi que es va iniciar ahir al migdia al Perell\u00f3, i que finalment ha acabat cremant 3 hect\u00e0rees de massa forestal. Tot plegat quan aquesta setmana es compleix un any de l\u2019incendi que va arrasar m\u00e9s de 3 mil &hellip; <a href=\"https:\/\/www.radiomoradebre.cat\/wp\/2013\/05\/14\/extingit-lincendi-del-perello-que-ha-cremat-3-hectarees\/\">Continue reading <span class=\"meta-nav\">&rarr;<\/span><\/a><\/p>\n","protected":false},"author":3,"featured_media":0,"comment_status":"closed","ping_status":"open","sticky":false,"template":"","format":"standard","meta":{"footnotes":""},"categories":[2],"tags":[556,837,403,397,836],"class_list":["post-2041","post","type-post","status-publish","format-standard","hentry","category-noticies","tag-bombers-generalitat","tag-extingit","tag-incendi","tag-incendi-forestal","tag-perello"],"_links":{"self":[{"href":"https:\/\/www.radiomoradebre.cat\/wp\/wp-json\/wp\/v2\/posts\/2041","targetHints":{"allow":["GET"]}}],"collection":[{"href":"https:\/\/www.radiomoradebre.cat\/wp\/wp-json\/wp\/v2\/posts"}],"about":[{"href":"https:\/\/www.radiomoradebre.cat\/wp\/wp-json\/wp\/v2\/types\/post"}],"author":[{"embeddable":true,"href":"https:\/\/www.radiomoradebre.cat\/wp\/wp-json\/wp\/v2\/users\/3"}],"replies":[{"embeddable":true,"href":"https:\/\/www.radiomoradebre.cat\/wp\/wp-json\/wp\/v2\/comments?post=2041"}],"version-history":[{"count":1,"href":"https:\/\/www.radiomoradebre.cat\/wp\/wp-json\/wp\/v2\/posts\/2041\/revisions"}],"predecessor-version":[{"id":2042,"href":"https:\/\/www.radiomoradebre.cat\/wp\/wp-json\/wp\/v2\/posts\/2041\/revisions\/2042"}],"wp:attachment":[{"href":"https:\/\/www.radiomoradebre.cat\/wp\/wp-json\/wp\/v2\/media?parent=2041"}],"wp:term":[{"taxonomy":"category","embeddable":true,"href":"https:\/\/www.radiomoradebre.cat\/wp\/wp-json\/wp\/v2\/categories?post=2041"},{"taxonomy":"post_tag","embeddable":true,"href":"https:\/\/www.radiomoradebre.cat\/wp\/wp-json\/wp\/v2\/tags?post=2041"}],"curies":[{"name":"wp","href":"https:\/\/api.w.org\/{rel}","templated":true}]}}