
{"id":20248,"date":"2016-02-29T14:28:23","date_gmt":"2016-02-29T13:28:23","guid":{"rendered":"http:\/\/radiomoradebre.cat\/wp\/?p=20248"},"modified":"2016-02-29T14:28:23","modified_gmt":"2016-02-29T13:28:23","slug":"entrevista-imma-cabre-els-senyors-del-poder-29-2-16","status":"publish","type":"post","link":"https:\/\/www.radiomoradebre.cat\/wp\/2016\/02\/29\/entrevista-imma-cabre-els-senyors-del-poder-29-2-16\/","title":{"rendered":"Entrevista Imma Cabr\u00e9 &#8220;Els senyors del poder&#8221; (29-2-16)"},"content":{"rendered":"<p>HORA M\u00d3RA D&#8217;EBRE. El divendres 26 de febrer la Biblioteca Comarcal de M\u00f3ra d&#8217;Ebre va acollir la presentaci\u00f3 de &#8220;Els Senyors del poder&#8221; de Imma Cabr\u00e9, una novel\u00b7la hist\u00f2rica centrada amb la hist\u00f2ria del personatge real Natividad Yarza, la primera alcaldessa de Catalunya i Espanya. Nosaltres hi vam ser i vam poder parlar amb ella.<\/p>\n<p><a href=\"http:\/\/radiomoradebre.cat\/wp\/wp-content\/uploads\/2016\/02\/ENTREVISTA-IMMA-CABR\u00c9-29-2-16-ELS-SENYORS-DEL-PODER.mp3\">ENTREVISTA IMMA CABR\u00c9 29-2-16 ELS SENYORS DEL PODER<\/a><\/p>\n<p><a href=\"http:\/\/radiomoradebre.cat\/wp\/2016\/02\/29\/entrevista-imma-cabre-els-senyors-del-poder-29-2-16\/img_4262\/\" rel=\"attachment wp-att-20249\"><img loading=\"lazy\" decoding=\"async\" class=\"aligncenter size-medium wp-image-20249\" src=\"http:\/\/radiomoradebre.cat\/wp\/wp-content\/uploads\/2016\/02\/IMG_4262-300x225.jpg\" alt=\"IMG_4262\" width=\"300\" height=\"225\" srcset=\"https:\/\/www.radiomoradebre.cat\/wp\/wp-content\/uploads\/2016\/02\/IMG_4262-300x225.jpg 300w, https:\/\/www.radiomoradebre.cat\/wp\/wp-content\/uploads\/2016\/02\/IMG_4262-768x576.jpg 768w, https:\/\/www.radiomoradebre.cat\/wp\/wp-content\/uploads\/2016\/02\/IMG_4262-1024x768.jpg 1024w\" sizes=\"auto, (max-width: 300px) 100vw, 300px\" \/><\/a><\/p>\n<p>&nbsp;<\/p>\n","protected":false},"excerpt":{"rendered":"<p>HORA M\u00d3RA D&#8217;EBRE. El divendres 26 de febrer la Biblioteca Comarcal de M\u00f3ra d&#8217;Ebre va acollir la presentaci\u00f3 de &#8220;Els Senyors del poder&#8221; de Imma Cabr\u00e9, una novel\u00b7la hist\u00f2rica centrada amb la hist\u00f2ria del personatge real Natividad Yarza, la primera &hellip; <a href=\"https:\/\/www.radiomoradebre.cat\/wp\/2016\/02\/29\/entrevista-imma-cabre-els-senyors-del-poder-29-2-16\/\">Continue reading <span class=\"meta-nav\">&rarr;<\/span><\/a><\/p>\n","protected":false},"author":3,"featured_media":0,"comment_status":"closed","ping_status":"open","sticky":false,"template":"","format":"standard","meta":{"footnotes":""},"categories":[12],"tags":[5014,6617,163,6616,57,6618],"class_list":["post-20248","post","type-post","status-publish","format-standard","hentry","category-horamoradebre","tag-alcaldessa","tag-els-senyors-del-poder","tag-erc","tag-imma-cabre","tag-mora-debre","tag-natividad-yarza"],"_links":{"self":[{"href":"https:\/\/www.radiomoradebre.cat\/wp\/wp-json\/wp\/v2\/posts\/20248","targetHints":{"allow":["GET"]}}],"collection":[{"href":"https:\/\/www.radiomoradebre.cat\/wp\/wp-json\/wp\/v2\/posts"}],"about":[{"href":"https:\/\/www.radiomoradebre.cat\/wp\/wp-json\/wp\/v2\/types\/post"}],"author":[{"embeddable":true,"href":"https:\/\/www.radiomoradebre.cat\/wp\/wp-json\/wp\/v2\/users\/3"}],"replies":[{"embeddable":true,"href":"https:\/\/www.radiomoradebre.cat\/wp\/wp-json\/wp\/v2\/comments?post=20248"}],"version-history":[{"count":2,"href":"https:\/\/www.radiomoradebre.cat\/wp\/wp-json\/wp\/v2\/posts\/20248\/revisions"}],"predecessor-version":[{"id":20251,"href":"https:\/\/www.radiomoradebre.cat\/wp\/wp-json\/wp\/v2\/posts\/20248\/revisions\/20251"}],"wp:attachment":[{"href":"https:\/\/www.radiomoradebre.cat\/wp\/wp-json\/wp\/v2\/media?parent=20248"}],"wp:term":[{"taxonomy":"category","embeddable":true,"href":"https:\/\/www.radiomoradebre.cat\/wp\/wp-json\/wp\/v2\/categories?post=20248"},{"taxonomy":"post_tag","embeddable":true,"href":"https:\/\/www.radiomoradebre.cat\/wp\/wp-json\/wp\/v2\/tags?post=20248"}],"curies":[{"name":"wp","href":"https:\/\/api.w.org\/{rel}","templated":true}]}}