
{"id":20031,"date":"2016-02-18T14:27:03","date_gmt":"2016-02-18T13:27:03","guid":{"rendered":"http:\/\/radiomoradebre.cat\/wp\/?p=20031"},"modified":"2016-02-18T14:27:03","modified_gmt":"2016-02-18T13:27:03","slug":"placa-de-dalt-18-2-16","status":"publish","type":"post","link":"https:\/\/www.radiomoradebre.cat\/wp\/2016\/02\/18\/placa-de-dalt-18-2-16\/","title":{"rendered":"Pla\u00e7a de Dalt (18-2-16)"},"content":{"rendered":"<p>PLA\u00c7A DE DALT. A l&#8217;espai de tert\u00falia d&#8217;aquesta setmana amb la Roser Grau, la Rosa Maria Hern\u00e1ndez i la Merc\u00e8 Valls hem comentat el Carnestoltes de M\u00f3ra d&#8217;Ebre, i el pol\u00e8mic Mare meva de Dolors Miquel als Premis Ciutat de Barcelona. Com sempre hem acabat donant dos consells d&#8217;accions que podem fer a casa per reduir el canvi clim\u00e0tic.<\/p>\n<p><a href=\"http:\/\/radiomoradebre.cat\/wp\/wp-content\/uploads\/2016\/02\/PLA\u00c7A-DE-DALT_18-2-16.mp3\">PLA\u00c7A DE DALT_18-2-16<\/a><\/p>\n<p>&nbsp;<\/p>\n","protected":false},"excerpt":{"rendered":"<p>PLA\u00c7A DE DALT. A l&#8217;espai de tert\u00falia d&#8217;aquesta setmana amb la Roser Grau, la Rosa Maria Hern\u00e1ndez i la Merc\u00e8 Valls hem comentat el Carnestoltes de M\u00f3ra d&#8217;Ebre, i el pol\u00e8mic Mare meva de Dolors Miquel als Premis Ciutat de &hellip; <a href=\"https:\/\/www.radiomoradebre.cat\/wp\/2016\/02\/18\/placa-de-dalt-18-2-16\/\">Continue reading <span class=\"meta-nav\">&rarr;<\/span><\/a><\/p>\n","protected":false},"author":3,"featured_media":0,"comment_status":"closed","ping_status":"open","sticky":false,"template":"","format":"standard","meta":{"footnotes":""},"categories":[12],"tags":[6064,2790,2789,6443,6501,6502,6499,6498,3852,57,6503,6500,3807,2087,4000,3808,4635],"class_list":["post-20031","post","type-post","status-publish","format-standard","hentry","category-horamoradebre","tag-canvi-climatic","tag-carnaval","tag-carnestoltes","tag-disfresses","tag-dolors-miquel","tag-esclafament-global","tag-mare-meva","tag-mare-nostra","tag-merce-valls","tag-mora-debre","tag-organica","tag-pare-nostre","tag-placa-de-dalt","tag-reciclatge","tag-rosa-maria-hernandez","tag-roser-grau","tag-tertulia"],"_links":{"self":[{"href":"https:\/\/www.radiomoradebre.cat\/wp\/wp-json\/wp\/v2\/posts\/20031","targetHints":{"allow":["GET"]}}],"collection":[{"href":"https:\/\/www.radiomoradebre.cat\/wp\/wp-json\/wp\/v2\/posts"}],"about":[{"href":"https:\/\/www.radiomoradebre.cat\/wp\/wp-json\/wp\/v2\/types\/post"}],"author":[{"embeddable":true,"href":"https:\/\/www.radiomoradebre.cat\/wp\/wp-json\/wp\/v2\/users\/3"}],"replies":[{"embeddable":true,"href":"https:\/\/www.radiomoradebre.cat\/wp\/wp-json\/wp\/v2\/comments?post=20031"}],"version-history":[{"count":1,"href":"https:\/\/www.radiomoradebre.cat\/wp\/wp-json\/wp\/v2\/posts\/20031\/revisions"}],"predecessor-version":[{"id":20032,"href":"https:\/\/www.radiomoradebre.cat\/wp\/wp-json\/wp\/v2\/posts\/20031\/revisions\/20032"}],"wp:attachment":[{"href":"https:\/\/www.radiomoradebre.cat\/wp\/wp-json\/wp\/v2\/media?parent=20031"}],"wp:term":[{"taxonomy":"category","embeddable":true,"href":"https:\/\/www.radiomoradebre.cat\/wp\/wp-json\/wp\/v2\/categories?post=20031"},{"taxonomy":"post_tag","embeddable":true,"href":"https:\/\/www.radiomoradebre.cat\/wp\/wp-json\/wp\/v2\/tags?post=20031"}],"curies":[{"name":"wp","href":"https:\/\/api.w.org\/{rel}","templated":true}]}}