
{"id":19535,"date":"2016-01-26T14:06:37","date_gmt":"2016-01-26T13:06:37","guid":{"rendered":"http:\/\/radiomoradebre.cat\/wp\/?p=19535"},"modified":"2016-01-26T14:06:37","modified_gmt":"2016-01-26T13:06:37","slug":"el-jardi-de-la-radio-26-1-16","status":"publish","type":"post","link":"https:\/\/www.radiomoradebre.cat\/wp\/2016\/01\/26\/el-jardi-de-la-radio-26-1-16\/","title":{"rendered":"El jard\u00ed de la r\u00e0dio (26-1-16)"},"content":{"rendered":"<p>EL JARD\u00cd DE LA R\u00c0DIO. Avui hem obert les portes del jard\u00ed de la r\u00e0dio amb Santi Pujol per parlar sobre quins arbres hem de podar i plantar aquests mesos d&#8217;hivern. Tamb\u00e9 hem parlat dels ciclamens.<\/p>\n<p><a href=\"http:\/\/radiomoradebre.cat\/wp\/wp-content\/uploads\/2016\/01\/JARD\u00cd-DE-LA-RADIO-26-1-16-CICLAMEN-.mp3\">JARD\u00cd DE LA RADIO 26-1-16 CICLAMEN<\/a><\/p>\n<p><a href=\"http:\/\/radiomoradebre.cat\/wp\/2015\/10\/06\/el-jardi-de-la-radio-6-10-15\/santi-pujol\/\" rel=\"attachment wp-att-17848\"><img loading=\"lazy\" decoding=\"async\" class=\"aligncenter size-medium wp-image-17848\" src=\"http:\/\/radiomoradebre.cat\/wp\/wp-content\/uploads\/2015\/10\/SANTI-PUJOL-225x300.jpg\" alt=\"SANTI PUJOL\" width=\"225\" height=\"300\" srcset=\"https:\/\/www.radiomoradebre.cat\/wp\/wp-content\/uploads\/2015\/10\/SANTI-PUJOL-225x300.jpg 225w, https:\/\/www.radiomoradebre.cat\/wp\/wp-content\/uploads\/2015\/10\/SANTI-PUJOL-768x1024.jpg 768w\" sizes=\"auto, (max-width: 225px) 100vw, 225px\" \/><\/a><\/p>\n","protected":false},"excerpt":{"rendered":"<p>EL JARD\u00cd DE LA R\u00c0DIO. Avui hem obert les portes del jard\u00ed de la r\u00e0dio amb Santi Pujol per parlar sobre quins arbres hem de podar i plantar aquests mesos d&#8217;hivern. Tamb\u00e9 hem parlat dels ciclamens. JARD\u00cd DE LA RADIO &hellip; <a href=\"https:\/\/www.radiomoradebre.cat\/wp\/2016\/01\/26\/el-jardi-de-la-radio-26-1-16\/\">Continue reading <span class=\"meta-nav\">&rarr;<\/span><\/a><\/p>\n","protected":false},"author":3,"featured_media":0,"comment_status":"closed","ping_status":"open","sticky":false,"template":"","format":"standard","meta":{"footnotes":""},"categories":[12],"tags":[6320,4422,3791,6009,3790,4277,3032],"class_list":["post-19535","post","type-post","status-publish","format-standard","hentry","category-horamoradebre","tag-ciclamen","tag-el-jardi-de-la-radio","tag-jardi","tag-jardi-de-la-radio","tag-jardineria","tag-poda","tag-santi-pujol"],"_links":{"self":[{"href":"https:\/\/www.radiomoradebre.cat\/wp\/wp-json\/wp\/v2\/posts\/19535","targetHints":{"allow":["GET"]}}],"collection":[{"href":"https:\/\/www.radiomoradebre.cat\/wp\/wp-json\/wp\/v2\/posts"}],"about":[{"href":"https:\/\/www.radiomoradebre.cat\/wp\/wp-json\/wp\/v2\/types\/post"}],"author":[{"embeddable":true,"href":"https:\/\/www.radiomoradebre.cat\/wp\/wp-json\/wp\/v2\/users\/3"}],"replies":[{"embeddable":true,"href":"https:\/\/www.radiomoradebre.cat\/wp\/wp-json\/wp\/v2\/comments?post=19535"}],"version-history":[{"count":1,"href":"https:\/\/www.radiomoradebre.cat\/wp\/wp-json\/wp\/v2\/posts\/19535\/revisions"}],"predecessor-version":[{"id":19536,"href":"https:\/\/www.radiomoradebre.cat\/wp\/wp-json\/wp\/v2\/posts\/19535\/revisions\/19536"}],"wp:attachment":[{"href":"https:\/\/www.radiomoradebre.cat\/wp\/wp-json\/wp\/v2\/media?parent=19535"}],"wp:term":[{"taxonomy":"category","embeddable":true,"href":"https:\/\/www.radiomoradebre.cat\/wp\/wp-json\/wp\/v2\/categories?post=19535"},{"taxonomy":"post_tag","embeddable":true,"href":"https:\/\/www.radiomoradebre.cat\/wp\/wp-json\/wp\/v2\/tags?post=19535"}],"curies":[{"name":"wp","href":"https:\/\/api.w.org\/{rel}","templated":true}]}}