
{"id":19311,"date":"2016-01-12T14:23:21","date_gmt":"2016-01-12T13:23:21","guid":{"rendered":"http:\/\/radiomoradebre.cat\/wp\/?p=19311"},"modified":"2016-01-12T14:23:21","modified_gmt":"2016-01-12T13:23:21","slug":"marius-serra-sera-el-pregoner-de-les-festes-de-sant-antoni-a-asco","status":"publish","type":"post","link":"https:\/\/www.radiomoradebre.cat\/wp\/2016\/01\/12\/marius-serra-sera-el-pregoner-de-les-festes-de-sant-antoni-a-asco\/","title":{"rendered":"M\u00e0rius Serra ser\u00e0 el pregoner de les festes de Sant Antoni a Asc\u00f3"},"content":{"rendered":"<p><em><strong>El ling\u00fcsita M\u00e0rius Serra ser\u00e0 l\u2019encarregat de donar el tret de sortida a les festes de Sant Antoni d\u2019Asc\u00f3. Inaugurar\u00e0 les festes el proper divendres, el dia que comen\u00e7aran les tradicionals curses de rucs, cavalls i matxos i hi haur\u00e0 l\u2019encesa de la gran foguera a la pla\u00e7a de l\u2019Ajuntament.<\/strong><\/em><\/p>\n<p>ANDREU PRUNERA<\/p>\n<p><a href=\"http:\/\/radiomoradebre.cat\/wp\/wp-content\/uploads\/2016\/01\/CRO-12-01-15-sant-antoni.mp3\">CRO 12-01-15 sant antoni<\/a><\/p>\n<p><a href=\"http:\/\/radiomoradebre.cat\/wp\/wp-content\/uploads\/2016\/01\/ST-ANTONI-ASC\u00d3-CARTELL-16.jpg\"><img loading=\"lazy\" decoding=\"async\" class=\"aligncenter size-medium wp-image-19304\" src=\"http:\/\/radiomoradebre.cat\/wp\/wp-content\/uploads\/2016\/01\/ST-ANTONI-ASC\u00d3-CARTELL-16-175x300.jpg\" alt=\"ST ANTONI ASC\u00d3 CARTELL 16\" width=\"175\" height=\"300\" srcset=\"https:\/\/www.radiomoradebre.cat\/wp\/wp-content\/uploads\/2016\/01\/ST-ANTONI-ASC\u00d3-CARTELL-16-175x300.jpg 175w, https:\/\/www.radiomoradebre.cat\/wp\/wp-content\/uploads\/2016\/01\/ST-ANTONI-ASC\u00d3-CARTELL-16.jpg 560w\" sizes=\"auto, (max-width: 175px) 100vw, 175px\" \/><\/a><\/p>\n","protected":false},"excerpt":{"rendered":"<p>El ling\u00fcsita M\u00e0rius Serra ser\u00e0 l\u2019encarregat de donar el tret de sortida a les festes de Sant Antoni d\u2019Asc\u00f3. Inaugurar\u00e0 les festes el proper divendres, el dia que comen\u00e7aran les tradicionals curses de rucs, cavalls i matxos i hi haur\u00e0 &hellip; <a href=\"https:\/\/www.radiomoradebre.cat\/wp\/2016\/01\/12\/marius-serra-sera-el-pregoner-de-les-festes-de-sant-antoni-a-asco\/\">Continue reading <span class=\"meta-nav\">&rarr;<\/span><\/a><\/p>\n","protected":false},"author":3,"featured_media":0,"comment_status":"closed","ping_status":"open","sticky":false,"template":"","format":"standard","meta":{"footnotes":""},"categories":[2],"tags":[69,4098,4094,6188,2498,6181],"class_list":["post-19311","post","type-post","status-publish","format-standard","hentry","category-noticies","tag-asco","tag-clavari","tag-festes","tag-marius-serra","tag-sant-antoni","tag-sant-antoni-asco"],"_links":{"self":[{"href":"https:\/\/www.radiomoradebre.cat\/wp\/wp-json\/wp\/v2\/posts\/19311","targetHints":{"allow":["GET"]}}],"collection":[{"href":"https:\/\/www.radiomoradebre.cat\/wp\/wp-json\/wp\/v2\/posts"}],"about":[{"href":"https:\/\/www.radiomoradebre.cat\/wp\/wp-json\/wp\/v2\/types\/post"}],"author":[{"embeddable":true,"href":"https:\/\/www.radiomoradebre.cat\/wp\/wp-json\/wp\/v2\/users\/3"}],"replies":[{"embeddable":true,"href":"https:\/\/www.radiomoradebre.cat\/wp\/wp-json\/wp\/v2\/comments?post=19311"}],"version-history":[{"count":1,"href":"https:\/\/www.radiomoradebre.cat\/wp\/wp-json\/wp\/v2\/posts\/19311\/revisions"}],"predecessor-version":[{"id":19313,"href":"https:\/\/www.radiomoradebre.cat\/wp\/wp-json\/wp\/v2\/posts\/19311\/revisions\/19313"}],"wp:attachment":[{"href":"https:\/\/www.radiomoradebre.cat\/wp\/wp-json\/wp\/v2\/media?parent=19311"}],"wp:term":[{"taxonomy":"category","embeddable":true,"href":"https:\/\/www.radiomoradebre.cat\/wp\/wp-json\/wp\/v2\/categories?post=19311"},{"taxonomy":"post_tag","embeddable":true,"href":"https:\/\/www.radiomoradebre.cat\/wp\/wp-json\/wp\/v2\/tags?post=19311"}],"curies":[{"name":"wp","href":"https:\/\/api.w.org\/{rel}","templated":true}]}}