
{"id":19248,"date":"2016-01-07T13:32:02","date_gmt":"2016-01-07T12:32:02","guid":{"rendered":"http:\/\/radiomoradebre.cat\/wp\/?p=19248"},"modified":"2016-01-07T13:32:02","modified_gmt":"2016-01-07T12:32:02","slug":"salut-i-cames-per-la-investigacio-del-cancer-infantil","status":"publish","type":"post","link":"https:\/\/www.radiomoradebre.cat\/wp\/2016\/01\/07\/salut-i-cames-per-la-investigacio-del-cancer-infantil\/","title":{"rendered":"Salut i Cames per la investigaci\u00f3 del c\u00e0ncer infantil"},"content":{"rendered":"<p><em><strong>Un ve\u00ed de Garcia recorrer\u00e0 els 1.550 quil\u00f2metres que separen el Cap de Creus amb el de Finisterre per recaptar fons per la investigaci\u00f3 del c\u00e0ncer infantil que realitza l&#8217;obra Social de l&#8217;Hospital Sant Joan de D\u00e9u a Barcelona.<\/strong><\/em><\/p>\n<p>ADRIANA MONCL\u00daS<\/p>\n<p><a href=\"http:\/\/radiomoradebre.cat\/wp\/wp-content\/uploads\/2016\/01\/CRO-7-1-16-SALUT-I-CAMES.mp3\">CRO 7-1-16 SALUT I CAMES<\/a><\/p>\n<p><a href=\"http:\/\/radiomoradebre.cat\/wp\/wp-content\/uploads\/2016\/01\/IMG_3389.jpg\"><img loading=\"lazy\" decoding=\"async\" class=\"aligncenter size-medium wp-image-19192\" src=\"http:\/\/radiomoradebre.cat\/wp\/wp-content\/uploads\/2016\/01\/IMG_3389-225x300.jpg\" alt=\"IMG_3389\" width=\"225\" height=\"300\" srcset=\"https:\/\/www.radiomoradebre.cat\/wp\/wp-content\/uploads\/2016\/01\/IMG_3389-225x300.jpg 225w, https:\/\/www.radiomoradebre.cat\/wp\/wp-content\/uploads\/2016\/01\/IMG_3389-768x1024.jpg 768w\" sizes=\"auto, (max-width: 225px) 100vw, 225px\" \/><\/a><\/p>\n","protected":false},"excerpt":{"rendered":"<p>Un ve\u00ed de Garcia recorrer\u00e0 els 1.550 quil\u00f2metres que separen el Cap de Creus amb el de Finisterre per recaptar fons per la investigaci\u00f3 del c\u00e0ncer infantil que realitza l&#8217;obra Social de l&#8217;Hospital Sant Joan de D\u00e9u a Barcelona. ADRIANA &hellip; <a href=\"https:\/\/www.radiomoradebre.cat\/wp\/2016\/01\/07\/salut-i-cames-per-la-investigacio-del-cancer-infantil\/\">Continue reading <span class=\"meta-nav\">&rarr;<\/span><\/a><\/p>\n","protected":false},"author":3,"featured_media":0,"comment_status":"closed","ping_status":"open","sticky":false,"template":"","format":"standard","meta":{"footnotes":""},"categories":[2],"tags":[5780,298,3319,6146,6145,1908],"class_list":["post-19248","post","type-post","status-publish","format-standard","hentry","category-noticies","tag-cancer-infantil","tag-garcia","tag-hospital-sant-joan-de-deu","tag-oscar-grinyo","tag-salut-i-cames","tag-solidaritat"],"_links":{"self":[{"href":"https:\/\/www.radiomoradebre.cat\/wp\/wp-json\/wp\/v2\/posts\/19248","targetHints":{"allow":["GET"]}}],"collection":[{"href":"https:\/\/www.radiomoradebre.cat\/wp\/wp-json\/wp\/v2\/posts"}],"about":[{"href":"https:\/\/www.radiomoradebre.cat\/wp\/wp-json\/wp\/v2\/types\/post"}],"author":[{"embeddable":true,"href":"https:\/\/www.radiomoradebre.cat\/wp\/wp-json\/wp\/v2\/users\/3"}],"replies":[{"embeddable":true,"href":"https:\/\/www.radiomoradebre.cat\/wp\/wp-json\/wp\/v2\/comments?post=19248"}],"version-history":[{"count":1,"href":"https:\/\/www.radiomoradebre.cat\/wp\/wp-json\/wp\/v2\/posts\/19248\/revisions"}],"predecessor-version":[{"id":19250,"href":"https:\/\/www.radiomoradebre.cat\/wp\/wp-json\/wp\/v2\/posts\/19248\/revisions\/19250"}],"wp:attachment":[{"href":"https:\/\/www.radiomoradebre.cat\/wp\/wp-json\/wp\/v2\/media?parent=19248"}],"wp:term":[{"taxonomy":"category","embeddable":true,"href":"https:\/\/www.radiomoradebre.cat\/wp\/wp-json\/wp\/v2\/categories?post=19248"},{"taxonomy":"post_tag","embeddable":true,"href":"https:\/\/www.radiomoradebre.cat\/wp\/wp-json\/wp\/v2\/tags?post=19248"}],"curies":[{"name":"wp","href":"https:\/\/api.w.org\/{rel}","templated":true}]}}