
{"id":18542,"date":"2015-11-12T13:01:29","date_gmt":"2015-11-12T12:01:29","guid":{"rendered":"http:\/\/radiomoradebre.cat\/wp\/?p=18542"},"modified":"2015-11-12T13:01:29","modified_gmt":"2015-11-12T12:01:29","slug":"cinta-agne-proposa-augmentar-els-serveis-socials-al-pressupost-del-2016","status":"publish","type":"post","link":"https:\/\/www.radiomoradebre.cat\/wp\/2015\/11\/12\/cinta-agne-proposa-augmentar-els-serveis-socials-al-pressupost-del-2016\/","title":{"rendered":"Cinta Agn\u00e9 proposa augmentar els serveis socials al pressupost del 2016"},"content":{"rendered":"<p><em><strong>La portaveu d\u2019Esquerra Republicana a l\u2019Ajuntament de M\u00f3ra d\u2019Ebre, Cinta Agn\u00e9, proposar\u00e0 que, al pressupost del 2016, s\u2019augmentin les partides destinades als serveis socials. Agn\u00e9 destaca tamb\u00e9 la necessitat d\u2019ampliar l\u2019oferta formativa als aturats de llarga durada i proposa que es posin en marxa uns pressupostos participatius, i tamb\u00e9 per es treballi per augmentar la mancomunaci\u00f3 de serveis amb municipis ve\u00efns.<\/strong><\/em><\/p>\n<p>ANDREU PRUNERA<\/p>\n<p><a href=\"http:\/\/radiomoradebre.cat\/wp\/wp-content\/uploads\/2015\/11\/CRO-12-11-15-agne.mp3\">CRO 12-11-15 agne<\/a><\/p>\n<p><a href=\"http:\/\/radiomoradebre.cat\/wp\/wp-content\/uploads\/2015\/11\/CINTA-AGN\u00c9-11-11-15.jpg\"><img loading=\"lazy\" decoding=\"async\" class=\"aligncenter size-medium wp-image-18519\" src=\"http:\/\/radiomoradebre.cat\/wp\/wp-content\/uploads\/2015\/11\/CINTA-AGN\u00c9-11-11-15-225x300.jpg\" alt=\"CINTA AGN\u00c9 11-11-15\" width=\"225\" height=\"300\" srcset=\"https:\/\/www.radiomoradebre.cat\/wp\/wp-content\/uploads\/2015\/11\/CINTA-AGN\u00c9-11-11-15-225x300.jpg 225w, https:\/\/www.radiomoradebre.cat\/wp\/wp-content\/uploads\/2015\/11\/CINTA-AGN\u00c9-11-11-15-768x1024.jpg 768w\" sizes=\"auto, (max-width: 225px) 100vw, 225px\" \/><\/a><\/p>\n","protected":false},"excerpt":{"rendered":"<p>La portaveu d\u2019Esquerra Republicana a l\u2019Ajuntament de M\u00f3ra d\u2019Ebre, Cinta Agn\u00e9, proposar\u00e0 que, al pressupost del 2016, s\u2019augmentin les partides destinades als serveis socials. Agn\u00e9 destaca tamb\u00e9 la necessitat d\u2019ampliar l\u2019oferta formativa als aturats de llarga durada i proposa que &hellip; <a href=\"https:\/\/www.radiomoradebre.cat\/wp\/2015\/11\/12\/cinta-agne-proposa-augmentar-els-serveis-socials-al-pressupost-del-2016\/\">Continue reading <span class=\"meta-nav\">&rarr;<\/span><\/a><\/p>\n","protected":false},"author":3,"featured_media":0,"comment_status":"closed","ping_status":"open","sticky":false,"template":"","format":"standard","meta":{"footnotes":""},"categories":[2],"tags":[370,3434,163,57,218],"class_list":["post-18542","post","type-post","status-publish","format-standard","hentry","category-noticies","tag-ajuntament-de-mora-debre","tag-cinta-agne","tag-erc","tag-mora-debre","tag-serveis-socials"],"_links":{"self":[{"href":"https:\/\/www.radiomoradebre.cat\/wp\/wp-json\/wp\/v2\/posts\/18542","targetHints":{"allow":["GET"]}}],"collection":[{"href":"https:\/\/www.radiomoradebre.cat\/wp\/wp-json\/wp\/v2\/posts"}],"about":[{"href":"https:\/\/www.radiomoradebre.cat\/wp\/wp-json\/wp\/v2\/types\/post"}],"author":[{"embeddable":true,"href":"https:\/\/www.radiomoradebre.cat\/wp\/wp-json\/wp\/v2\/users\/3"}],"replies":[{"embeddable":true,"href":"https:\/\/www.radiomoradebre.cat\/wp\/wp-json\/wp\/v2\/comments?post=18542"}],"version-history":[{"count":1,"href":"https:\/\/www.radiomoradebre.cat\/wp\/wp-json\/wp\/v2\/posts\/18542\/revisions"}],"predecessor-version":[{"id":18544,"href":"https:\/\/www.radiomoradebre.cat\/wp\/wp-json\/wp\/v2\/posts\/18542\/revisions\/18544"}],"wp:attachment":[{"href":"https:\/\/www.radiomoradebre.cat\/wp\/wp-json\/wp\/v2\/media?parent=18542"}],"wp:term":[{"taxonomy":"category","embeddable":true,"href":"https:\/\/www.radiomoradebre.cat\/wp\/wp-json\/wp\/v2\/categories?post=18542"},{"taxonomy":"post_tag","embeddable":true,"href":"https:\/\/www.radiomoradebre.cat\/wp\/wp-json\/wp\/v2\/tags?post=18542"}],"curies":[{"name":"wp","href":"https:\/\/api.w.org\/{rel}","templated":true}]}}