
{"id":18444,"date":"2015-11-09T12:50:33","date_gmt":"2015-11-09T11:50:33","guid":{"rendered":"http:\/\/radiomoradebre.cat\/wp\/?p=18444"},"modified":"2015-11-09T12:50:33","modified_gmt":"2015-11-09T11:50:33","slug":"unio-escull-els-seus-candidats-a-les-eleccions-generals","status":"publish","type":"post","link":"https:\/\/www.radiomoradebre.cat\/wp\/2015\/11\/09\/unio-escull-els-seus-candidats-a-les-eleccions-generals\/","title":{"rendered":"Uni\u00f3 escull els seus candidats a les eleccions generals"},"content":{"rendered":"<p><strong><em>Uni\u00f3 Democr\u00e0tica ja ha escollit els seus candidats per les eleccions generals del 20 de desembre. A la demarcaci\u00f3 de Tarragona, la llista del Congr\u00e9s estar\u00e0 encap\u00e7alada per Mart\u00ed Barber\u00e0, del Morell, i tindr\u00e0 al regidor de Falset, Antoni Muntan\u00e9 com primer suplent, n\u00famero set.<\/em> \u00a0<\/strong><\/p>\n<p>ANDREU PRUNERA<\/p>\n<p><a href=\"http:\/\/radiomoradebre.cat\/wp\/wp-content\/uploads\/2015\/11\/CRO-09-11-15-unio.mp3\">CRO 09-11-15 unio<\/a><\/p>\n<p><a href=\"http:\/\/radiomoradebre.cat\/wp\/wp-content\/uploads\/2015\/11\/logo-unio-democratica-catalunya-mjg.jpg\"><img loading=\"lazy\" decoding=\"async\" class=\"aligncenter size-medium wp-image-18446\" src=\"http:\/\/radiomoradebre.cat\/wp\/wp-content\/uploads\/2015\/11\/logo-unio-democratica-catalunya-mjg-300x126.jpg\" alt=\"logo-unio-democratica-catalunya-mjg\" width=\"300\" height=\"126\" srcset=\"https:\/\/www.radiomoradebre.cat\/wp\/wp-content\/uploads\/2015\/11\/logo-unio-democratica-catalunya-mjg-300x126.jpg 300w, https:\/\/www.radiomoradebre.cat\/wp\/wp-content\/uploads\/2015\/11\/logo-unio-democratica-catalunya-mjg-1024x431.jpg 1024w, https:\/\/www.radiomoradebre.cat\/wp\/wp-content\/uploads\/2015\/11\/logo-unio-democratica-catalunya-mjg.jpg 1869w\" sizes=\"auto, (max-width: 300px) 100vw, 300px\" \/><\/a><\/p>\n","protected":false},"excerpt":{"rendered":"<p>Uni\u00f3 Democr\u00e0tica ja ha escollit els seus candidats per les eleccions generals del 20 de desembre. A la demarcaci\u00f3 de Tarragona, la llista del Congr\u00e9s estar\u00e0 encap\u00e7alada per Mart\u00ed Barber\u00e0, del Morell, i tindr\u00e0 al regidor de Falset, Antoni Muntan\u00e9 &hellip; <a href=\"https:\/\/www.radiomoradebre.cat\/wp\/2015\/11\/09\/unio-escull-els-seus-candidats-a-les-eleccions-generals\/\">Continue reading <span class=\"meta-nav\">&rarr;<\/span><\/a><\/p>\n","protected":false},"author":3,"featured_media":0,"comment_status":"closed","ping_status":"open","sticky":false,"template":"","format":"standard","meta":{"footnotes":""},"categories":[2],"tags":[5776,5655,5045,5046],"class_list":["post-18444","post","type-post","status-publish","format-standard","hentry","category-noticies","tag-antoni-muntane","tag-eleccions-generals","tag-udc","tag-unio-democratica-de-catalunya"],"_links":{"self":[{"href":"https:\/\/www.radiomoradebre.cat\/wp\/wp-json\/wp\/v2\/posts\/18444","targetHints":{"allow":["GET"]}}],"collection":[{"href":"https:\/\/www.radiomoradebre.cat\/wp\/wp-json\/wp\/v2\/posts"}],"about":[{"href":"https:\/\/www.radiomoradebre.cat\/wp\/wp-json\/wp\/v2\/types\/post"}],"author":[{"embeddable":true,"href":"https:\/\/www.radiomoradebre.cat\/wp\/wp-json\/wp\/v2\/users\/3"}],"replies":[{"embeddable":true,"href":"https:\/\/www.radiomoradebre.cat\/wp\/wp-json\/wp\/v2\/comments?post=18444"}],"version-history":[{"count":1,"href":"https:\/\/www.radiomoradebre.cat\/wp\/wp-json\/wp\/v2\/posts\/18444\/revisions"}],"predecessor-version":[{"id":18447,"href":"https:\/\/www.radiomoradebre.cat\/wp\/wp-json\/wp\/v2\/posts\/18444\/revisions\/18447"}],"wp:attachment":[{"href":"https:\/\/www.radiomoradebre.cat\/wp\/wp-json\/wp\/v2\/media?parent=18444"}],"wp:term":[{"taxonomy":"category","embeddable":true,"href":"https:\/\/www.radiomoradebre.cat\/wp\/wp-json\/wp\/v2\/categories?post=18444"},{"taxonomy":"post_tag","embeddable":true,"href":"https:\/\/www.radiomoradebre.cat\/wp\/wp-json\/wp\/v2\/tags?post=18444"}],"curies":[{"name":"wp","href":"https:\/\/api.w.org\/{rel}","templated":true}]}}