
{"id":18177,"date":"2015-10-23T09:25:37","date_gmt":"2015-10-23T07:25:37","guid":{"rendered":"http:\/\/radiomoradebre.cat\/wp\/?p=18177"},"modified":"2015-10-23T09:25:37","modified_gmt":"2015-10-23T07:25:37","slug":"programa-especial-prego-184-fira-mora-la-nova-22-10-15","status":"publish","type":"post","link":"https:\/\/www.radiomoradebre.cat\/wp\/2015\/10\/23\/programa-especial-prego-184-fira-mora-la-nova-22-10-15\/","title":{"rendered":"Programa especial Preg\u00f3 184 Fira M\u00f3ra la Nova (22-10-15)"},"content":{"rendered":"<p>ESPECIAL PREG\u00d3 FIRA M\u00d3RA LA NOVA. Com cada any l&#8217;equip de R\u00e0dio M\u00f3ra d&#8217;Ebre ens hem despla\u00e7at fins al recinte firal de M\u00f3ra la Nova per oferir-vos amb directe la retransmissi\u00f3 de la inauguraci\u00f3 de la 184 Fira Agr\u00edcola Ramadera i Industrial, aquest any amb Tom\u00e0s Molina com a pregoner.<\/p>\n<p><a href=\"http:\/\/radiomoradebre.cat\/wp\/wp-content\/uploads\/2015\/10\/PROGRAMA-FIRA-MLN-22-10-15.mp3\">PROGRAMA FIRA MLN 22-10-15<\/a><\/p>\n<p><a href=\"http:\/\/radiomoradebre.cat\/wp\/wp-content\/uploads\/2015\/10\/programa-fira-molin\u00e9-22-10-15.jpg\"><img loading=\"lazy\" decoding=\"async\" class=\"aligncenter size-medium wp-image-18178\" src=\"http:\/\/radiomoradebre.cat\/wp\/wp-content\/uploads\/2015\/10\/programa-fira-molin\u00e9-22-10-15-300x225.jpg\" alt=\"programa fira molin\u00e9 22-10-15\" width=\"300\" height=\"225\" srcset=\"https:\/\/www.radiomoradebre.cat\/wp\/wp-content\/uploads\/2015\/10\/programa-fira-molin\u00e9-22-10-15-300x225.jpg 300w, https:\/\/www.radiomoradebre.cat\/wp\/wp-content\/uploads\/2015\/10\/programa-fira-molin\u00e9-22-10-15.jpg 960w\" sizes=\"auto, (max-width: 300px) 100vw, 300px\" \/><\/a><\/p>\n","protected":false},"excerpt":{"rendered":"<p>ESPECIAL PREG\u00d3 FIRA M\u00d3RA LA NOVA. Com cada any l&#8217;equip de R\u00e0dio M\u00f3ra d&#8217;Ebre ens hem despla\u00e7at fins al recinte firal de M\u00f3ra la Nova per oferir-vos amb directe la retransmissi\u00f3 de la inauguraci\u00f3 de la 184 Fira Agr\u00edcola Ramadera &hellip; <a href=\"https:\/\/www.radiomoradebre.cat\/wp\/2015\/10\/23\/programa-especial-prego-184-fira-mora-la-nova-22-10-15\/\">Continue reading <span class=\"meta-nav\">&rarr;<\/span><\/a><\/p>\n","protected":false},"author":3,"featured_media":0,"comment_status":"closed","ping_status":"open","sticky":false,"template":"","format":"standard","meta":{"footnotes":""},"categories":[4007,12],"tags":[3670,149,932,5328,2108,1704,5637,1230,3168,185,2903,4294,83,1569,5636,5591],"class_list":["post-18177","post","type-post","status-publish","format-standard","hentry","category-especials","category-horamoradebre","tag-antoni-cutrona","tag-ferran-blade","tag-fira","tag-fira-de-mora-la-nova","tag-francesc-moline","tag-gemma-carim","tag-hereus","tag-inauguracio","tag-ingrid-caba","tag-joan-pinol","tag-joan-ramon-casanova","tag-jordi-lopez","tag-mora-la-nova","tag-prego","tag-pubilles","tag-tomas-molina"],"_links":{"self":[{"href":"https:\/\/www.radiomoradebre.cat\/wp\/wp-json\/wp\/v2\/posts\/18177","targetHints":{"allow":["GET"]}}],"collection":[{"href":"https:\/\/www.radiomoradebre.cat\/wp\/wp-json\/wp\/v2\/posts"}],"about":[{"href":"https:\/\/www.radiomoradebre.cat\/wp\/wp-json\/wp\/v2\/types\/post"}],"author":[{"embeddable":true,"href":"https:\/\/www.radiomoradebre.cat\/wp\/wp-json\/wp\/v2\/users\/3"}],"replies":[{"embeddable":true,"href":"https:\/\/www.radiomoradebre.cat\/wp\/wp-json\/wp\/v2\/comments?post=18177"}],"version-history":[{"count":1,"href":"https:\/\/www.radiomoradebre.cat\/wp\/wp-json\/wp\/v2\/posts\/18177\/revisions"}],"predecessor-version":[{"id":18179,"href":"https:\/\/www.radiomoradebre.cat\/wp\/wp-json\/wp\/v2\/posts\/18177\/revisions\/18179"}],"wp:attachment":[{"href":"https:\/\/www.radiomoradebre.cat\/wp\/wp-json\/wp\/v2\/media?parent=18177"}],"wp:term":[{"taxonomy":"category","embeddable":true,"href":"https:\/\/www.radiomoradebre.cat\/wp\/wp-json\/wp\/v2\/categories?post=18177"},{"taxonomy":"post_tag","embeddable":true,"href":"https:\/\/www.radiomoradebre.cat\/wp\/wp-json\/wp\/v2\/tags?post=18177"}],"curies":[{"name":"wp","href":"https:\/\/api.w.org\/{rel}","templated":true}]}}